{"id":877,"date":"2022-11-21T13:45:59","date_gmt":"2022-11-21T12:45:59","guid":{"rendered":"https:\/\/conscordoba.esteri.it\/news\/dal_consolato\/2022\/11\/settimana-della-cucina-italiana-2\/"},"modified":"2022-11-21T13:45:59","modified_gmt":"2022-11-21T12:45:59","slug":"settimana-della-cucina-italiana-2","status":"publish","type":"post","link":"https:\/\/conscordoba.esteri.it\/es\/news\/dal_consolato\/2022\/11\/settimana-della-cucina-italiana-2\/","title":{"rendered":"VII Semana de la cocina italiana en el mundo"},"content":{"rendered":"<p style=\"text-align: justify;\">Del 14 al 20 de noviembre de 2022 se desarroll\u00f3 en C\u00f3rdoba y el resto de la circunscripci\u00f3n, la VII Semana de la Cocina Italiana en el Mundo, bajo el lema \u201cConvivialidad, Sostenibilidad e Innovaci\u00f3n: los ingredientes de la cocina italiana para la salud de las personas y la protecci\u00f3n del planeta\u201d.<\/p>\n<p>Despu\u00e9s del evento que abri\u00f3 esta edici\u00f3n, que se llev\u00f3 a cabo el 14 de noviembre en el restaurante Lucca de Cordoba con la participaci\u00f3n del chef italiano Roberto Ottini (durante el cual se destac\u00f3 la candidatura de Roma para que hospede la Exposici\u00f3n Universal en 2030), siguieron eventos, clases magistrales, degustaciones y cenas en toda la circunscripci\u00f3n. El 17 y el 18 en Catamarca, en la Sociedad Italiana de Catamarca. El d\u00eda 19 en Tucum\u00e1n, en el restaurante Yerba Buena, el chef italiano Leonardo Fumarola dio una clase magistral destinadas a los chefs locales con degustaci\u00f3n para m\u00e1s de 400 invitados. El 20 en Salta, en la Sociedad Italiana, fueron presentados postres de distintas regiones italianas y sus recetas. La semana se cerr\u00f3 con un show de cocina y cena en San Francisco, en el restaurante Casa Scarello-Sociedad Italiana.<\/p>\n<p>En la Ciudad de C\u00f3rdoba m\u00e1s de 40 restaurantes participaron, durante toda la semana, a trav\u00e9s del Circuito Gastron\u00f3mico de C\u00f3rdoba con men\u00fas italianos especiales y descuentos destinados a los clientes.<\/p>\n<p style=\"text-align: justify;\">\u00a0<\/p>\n<p style=\"text-align: center;\"><strong><span style=\"text-decoration: underline;\">Resumen de prensa<\/span><\/strong><\/p>\n<ul>\n<li style=\"text-align: justify;\"><a href=\"https:\/\/www.lavoz.com.ar\/vos\/comer-y-beber\/semana-de-la-cucina-italiana-en-cordoba-hasta-40-por-ciento-de-descuento-en-menus-bien-italianos\/\">https:\/\/www.lavoz.com.ar\/vos\/comer-y-beber\/semana-de-la-cucina-italiana-en-cordoba-hasta-40-por-ciento-de-descuento-en-menus-bien-italianos\/<\/a>\u00a0<\/li>\n<li style=\"text-align: justify;\"><a href=\"https:\/\/www.circuitogastronomico.com\/se-viene-la-semana-de-la-cucina-italiana-2022-con-estas-figuras-y-eventos-confirmados\/\">https:\/\/www.circuitogastronomico.com\/se-viene-la-semana-de-la-cucina-italiana-2022-con-estas-figuras-y-eventos-confirmados\/<\/a>\u00a0<\/li>\n<li style=\"text-align: justify;\"><a href=\"https:\/\/www.circuitogastronomico.com\/semana-de-la-cucina-italiana-2022-toda-la-data\/\">https:\/\/www.circuitogastronomico.com\/semana-de-la-cucina-italiana-2022-toda-la-data\/<\/a><\/li>\n<li style=\"text-align: justify;\"><a href=\"https:\/\/infonegocios.info\/y-ademas\/mamma-mia-comenzo-la-semana-de-la-cucina-italiana-en-cordoba-mas-de-40-bares-y-restaurantes-se-suman-con-promos\">https:\/\/infonegocios.info\/y-ademas\/mamma-mia-comenzo-la-semana-de-la-cucina-italiana-en-cordoba-mas-de-40-bares-y-restaurantes-se-suman-con-promos<\/a>\u00a0<\/li>\n<li style=\"text-align: justify;\"><a href=\"https:\/\/el-periodico.com.ar\/buen-comer\/con-un-show-de-un-chef-internacional--san-francisco-celebrara-la-semana-de-la-cocina-italiana_a6375462cc79d0647eca8fb81\">https:\/\/el-periodico.com.ar\/buen-comer\/con-un-show-de-un-chef-internacional&#8211;san-francisco-celebrara-la-semana-de-la-cocina-italiana_a6375462cc79d0647eca8fb81<\/a>\u00a0<\/li>\n<li style=\"text-align: justify;\"><a href=\"https:\/\/www.circuitogastronomico.com\/semana-de-la-cucina-italiana-2022-en-estos-restaurantes-se-usa-la-mejor-materia-prima-de-lacteos-manfrey\/?fbclid=IwAR2FK1KVrHWbwz1l7Kc5E4VY34d-gZftR6u_h9HroZ4um4BbLAJhDOawdBQ\">https:\/\/www.circuitogastronomico.com\/semana-de-la-cucina-italiana-2022-en-estos-restaurantes-se-usa-la-mejor-materia-prima-de-lacteos-manfrey\/?fbclid=IwAR2FK1KVrHWbwz1l7Kc5E4VY34d-gZftR6u_h9HroZ4um4BbLAJhDOawdBQ<\/a><\/li>\n<li style=\"text-align: justify;\"><a href=\"https:\/\/www.circuitogastronomico.com\/semana-de-la-cucina-italiana-2022-en-estos-restaurantes-se-usa-la-mejor-materia-prima-de-lacteos-manfrey\/?fbclid=IwAR2FK1KVrHWbwz1l7Kc5E4VY34d-gZftR6u_h9HroZ4um4BbLAJhDOawdBQ\">https:\/\/www.circuitogastronomico.com\/semana-de-la-cucina-italiana-2022-en-estos-restaurantes-se-usa-la-mejor-materia-prima-de-lacteos-manfrey\/?fbclid=IwAR2FK1KVrHWbwz1l7Kc5E4VY34d-gZftR6u_h9HroZ4um4BbLAJhDOawdBQ<\/a><\/li>\n<li style=\"text-align: justify;\"><a href=\"https:\/\/fb.watch\/h0BH7ku5Zl\/\">https:\/\/fb.watch\/h0BH7ku5Zl\/<\/a><a href=\"https:\/\/fb.watch\/h0BH7ku5Zl\/\"><\/a><\/li>\n<li style=\"text-align: justify;\"><a href=\"http:\/\/radiocanal.com.ar\/noticia\/san-francisco-recibira-al-cheff-leonardo-fumarola-148543\">http:\/\/radiocanal.com.ar\/noticia\/san-francisco-recibira-al-cheff-leonardo-fumarola-148543<\/a><\/li>\n<li style=\"text-align: justify;\"><a href=\"https:\/\/el-periodico.com.ar\/buen-comer\/con-un-show-de-un-chef-internacional--san-francisco-celebrara-la-semana-de-la-cocina-italiana_a6375462cc79d0647eca8fb81\">https:\/\/el-periodico.com.ar\/buen-comer\/con-un-show-de-un-chef-internacional&#8211;san-francisco-celebrara-la-semana-de-la-cocina-italiana_a6375462cc79d0647eca8fb81<\/a><\/li>\n<\/ul>\n<p>\u00a0<\/p>\n<p>\u00a0<\/p>\n<p>\u00a0<\/p>\n<p>\u00a0<\/p>\n","protected":false},"excerpt":{"rendered":"Del 14 al 20 de noviembre de 2022 se desarroll\u00f3 en C\u00f3rdoba y el resto de la circunscripci\u00f3n, la VII Semana de la Cocina Italiana en el Mundo, bajo el lema \u201cConvivialidad, Sostenibilidad e Innovaci\u00f3n: los ingredientes de la cocina italiana para la salud de las personas y la protecci\u00f3n del planeta\u201d. Despu\u00e9s del evento [&hellip;]","protected":false},"author":1,"featured_media":0,"comment_status":"","ping_status":"","sticky":false,"template":"","format":"standard","meta":{"footnotes":""},"tags":[],"class_list":["post-877","post","type-post","status-publish","format-standard","hentry"],"_links":{"self":[{"href":"https:\/\/conscordoba.esteri.it\/es\/wp-json\/wp\/v2\/posts\/877","targetHints":{"allow":["GET"]}}],"collection":[{"href":"https:\/\/conscordoba.esteri.it\/es\/wp-json\/wp\/v2\/posts"}],"about":[{"href":"https:\/\/conscordoba.esteri.it\/es\/wp-json\/wp\/v2\/types\/post"}],"author":[{"embeddable":true,"href":"https:\/\/conscordoba.esteri.it\/es\/wp-json\/wp\/v2\/users\/1"}],"replies":[{"embeddable":true,"href":"https:\/\/conscordoba.esteri.it\/es\/wp-json\/wp\/v2\/comments?post=877"}],"version-history":[{"count":0,"href":"https:\/\/conscordoba.esteri.it\/es\/wp-json\/wp\/v2\/posts\/877\/revisions"}],"wp:attachment":[{"href":"https:\/\/conscordoba.esteri.it\/es\/wp-json\/wp\/v2\/media?parent=877"}],"wp:term":[{"taxonomy":"post_tag","embeddable":true,"href":"https:\/\/conscordoba.esteri.it\/es\/wp-json\/wp\/v2\/tags?post=877"}],"curies":[{"name":"wp","href":"https:\/\/api.w.org\/{rel}","templated":true}]}}