{"id":906,"date":"2022-10-17T18:16:30","date_gmt":"2022-10-17T16:16:30","guid":{"rendered":"https:\/\/conscordoba.esteri.it\/news\/dal_consolato\/2022\/10\/spettacolo-teatrale-la-salvazione-2\/"},"modified":"2022-10-17T18:16:30","modified_gmt":"2022-10-17T16:16:30","slug":"spettacolo-teatrale-la-salvazione-2","status":"publish","type":"post","link":"https:\/\/conscordoba.esteri.it\/es\/news\/dal_consolato\/2022\/10\/spettacolo-teatrale-la-salvazione-2\/","title":{"rendered":"Obra de teatro \u00abLa Salvazione\u00bb de Angelo Colosimo, con direcci\u00f3n de Chiara Callegari"},"content":{"rendered":"<p style=\"text-align: justify;\">La obra de teatro de la compa\u00f1\u00eda Wobinda Produzioni est\u00e1 basada en una historia real y remonta al a\u00f1o 1956, momento del crecimiento econ\u00f3mico italiano. En tiempos de posguerra, se empieza a vislumbrar un futuro mejor, el rock empieza a apasionar a las nuevas generaciones y las luchas campesinas para apropiarse de las tierras no cultivadas son moneda corriente en Calabria (sur de Italia).<\/p>\n<p style=\"text-align: justify;\">En un peque\u00f1o pueblo, un joven de 17 a\u00f1os de una familia campesina, impulsado por las ideas progresistas de una nueva Italia que estaba naciendo, intenta el camino de la rebeli\u00f3n para mejorar su condici\u00f3n y la de sus seres queridos. El choque generacional entre padres e hijos llevar\u00e1 a una escalada de tensi\u00f3n contra el terrateniente del pueblo. No parece haber una salida f\u00e1cil posible, sino una radical.<\/p>\n<p style=\"text-align: justify;\">La obra precisamente narra la historia de la emigraci\u00f3n de una familia de la Calabria rural a Argentina a mediados de los a\u00f1os 50 y representa las expectativas, los sue\u00f1os como as\u00ed tambi\u00e9n las dificultades de las familias italianas al salir de su pa\u00eds.<\/p>\n<p style=\"text-align: justify;\">\u00a0<\/p>\n<p><strong><span style=\"text-decoration: underline;\">Prensa:<\/span><\/strong><\/p>\n<p><strong>Medios digitales<\/strong><\/p>\n<ul>\n<li>https:\/\/www.suquia.com.ar\/espectaculos\/teatro\/un-encuentro-con-el-mejor-teatro-italiano-en-cordoba\/<\/li>\n<li>https:\/\/www.sierraschicasvivo.com\/2022\/10\/12890\/<\/li>\n<li>https:\/\/www.cadena3.com\/noticia\/espectaculos\/la-obra-italiana-la-salvazione-se-presenta-este-miercoles-en-cordoba_338838<\/li>\n<li>https:\/\/www.lavoz.com.ar\/vos\/escena\/larga-el-festival-de-teatro-cordoba-para-la-infancia-y-la-juventud-con-obras-locales-e-internacionales\/<\/li>\n<li>https:\/\/lmdiario.com.ar\/contenido\/372116\/inicia-el-festival-internacional-de-teatro-para-la-infancia-y-la-juventud<\/li>\n<li>https:\/\/hoydia.com.ar\/espectaculos\/comienza-un-ciclo-teatral-destinado-a-los-mas-chicos-de-la-familia\/<\/li>\n<li>https:\/\/www.cba24n.com.ar\/cordoba\/cordoba&#8211;comenzo-el-festival-internacional-de-teatro-para-la-infancia-y-la-juventud_a6347080a59ecc019ef3cf71b<\/li>\n<\/ul>\n<p><strong>TV<\/strong><\/p>\n<ul>\n<li>https:\/\/canalc.com.ar\/la-salvazione-llega-al-festival-internacional-de-teatro-para-la-infancia-y-la-juventud\/<\/li>\n<li>Nota en Canal 10<\/li>\n<li>Nota en Canal C<\/li>\n<\/ul>\n<p><strong>Radio<\/strong><\/p>\n<ul>\n<li>https:\/\/www.gefinforma.com\/la-salvazione-llega-a-cordoba\/<\/li>\n<li>Nota en consulado con cronista Alejandro Pozo<\/li>\n<\/ul>\n<p><strong>Twitter<\/strong><\/p>\n<ul>\n<li>https:\/\/twitter.com\/gfornasero\/status\/1580317670897242112?s=24&#038;t=7hfgavldCOzcVIQK2QV2Tg<\/li>\n<li>https:\/\/twitter.com\/gfornasero\/status\/1580357151586852866?s=24&#038;t=7hfgavldCOzcVIQK2QV2Tg<\/li>\n<li>https:\/\/twitter.com\/cadena3com\/status\/1580060834046173184?s=24&#038;t=7hfgavldCOzcVIQK2QV2Tg<\/li>\n<li>https:\/\/twitter.com\/canalccordoba\/status\/1580253871825297408<\/li>\n<\/ul>\n<p>\u00a0<\/p>\n","protected":false},"excerpt":{"rendered":"La obra de teatro de la compa\u00f1\u00eda Wobinda Produzioni est\u00e1 basada en una historia real y remonta al a\u00f1o 1956, momento del crecimiento econ\u00f3mico italiano. En tiempos de posguerra, se empieza a vislumbrar un futuro mejor, el rock empieza a apasionar a las nuevas generaciones y las luchas campesinas para apropiarse de las tierras no [&hellip;]","protected":false},"author":1,"featured_media":0,"comment_status":"","ping_status":"","sticky":false,"template":"","format":"standard","meta":{"footnotes":""},"tags":[],"class_list":["post-906","post","type-post","status-publish","format-standard","hentry"],"_links":{"self":[{"href":"https:\/\/conscordoba.esteri.it\/es\/wp-json\/wp\/v2\/posts\/906","targetHints":{"allow":["GET"]}}],"collection":[{"href":"https:\/\/conscordoba.esteri.it\/es\/wp-json\/wp\/v2\/posts"}],"about":[{"href":"https:\/\/conscordoba.esteri.it\/es\/wp-json\/wp\/v2\/types\/post"}],"author":[{"embeddable":true,"href":"https:\/\/conscordoba.esteri.it\/es\/wp-json\/wp\/v2\/users\/1"}],"replies":[{"embeddable":true,"href":"https:\/\/conscordoba.esteri.it\/es\/wp-json\/wp\/v2\/comments?post=906"}],"version-history":[{"count":0,"href":"https:\/\/conscordoba.esteri.it\/es\/wp-json\/wp\/v2\/posts\/906\/revisions"}],"wp:attachment":[{"href":"https:\/\/conscordoba.esteri.it\/es\/wp-json\/wp\/v2\/media?parent=906"}],"wp:term":[{"taxonomy":"post_tag","embeddable":true,"href":"https:\/\/conscordoba.esteri.it\/es\/wp-json\/wp\/v2\/tags?post=906"}],"curies":[{"name":"wp","href":"https:\/\/api.w.org\/{rel}","templated":true}]}}