{"id":1250,"date":"2021-01-19T15:10:40","date_gmt":"2021-01-19T14:10:40","guid":{"rendered":"https:\/\/conscordoba.esteri.it\/news\/dal_consolato\/2021\/01\/bando-di-concorso-per-l-assunzione\/"},"modified":"2021-01-19T15:10:40","modified_gmt":"2021-01-19T14:10:40","slug":"bando-di-concorso-per-l-assunzione","status":"publish","type":"post","link":"https:\/\/conscordoba.esteri.it\/it\/news\/dal_consolato\/2021\/01\/bando-di-concorso-per-l-assunzione\/","title":{"rendered":"Bando di concorso per l&#8217;assunzione di n\u00b0 1 (uno) impiegato a contratto da adibire ai servizi di Collaboratore Amministrativo nel settore contabilit\u00e0-manifestazioni culturali-traduzione presso l&#8217;Istituto Italiano di Cultura di C\u00f3rdoba"},"content":{"rendered":"<p style=\"text-align: justify;\">Il Consolato Generale d&#8217;Italia in C\u00f3rdoba rende noto che \u00e8 stata indetta una procedura di selezione per l&#8217;assunzione di n\u00b0 1 (uno) impiegato a contratto da adibire ai servizi di <strong>Collaboratore Amministrativo nel settore contabilit\u00e0-manifestazioni culturali-traduzione presso l&#8217;Istituto Italiano di Cultura di C\u00f3rdoba<\/strong>.<\/p>\n<p style=\"text-align: justify;\">Il termine ultimo di ricezione \u00e8 delle domande \u00e8 fissato al <strong>18 febbraio 2021 alle ore 16:00<\/strong>.<\/p>\n<p style=\"text-align: justify;\">Il bando di assunzione \u00e8 stato affisso in data 19 gennaio 2021 all&#8217;albo di questo Consolato Generale.<\/p>\n<p>Per consultare il bando <a href=\"resource\/doc\/2021\/01\/avviso_assunzione_iic_2021.pdf\">cliccare qui<\/a>.<\/p>\n<p>Per scaricare il fac-simile di domanda <a href=\"resource\/doc\/2021\/01\/fac-simile_di_domanda.doc\">cliccare qui<\/a>.<\/p>\n","protected":false},"excerpt":{"rendered":"Il Consolato Generale d&#8217;Italia in C\u00f3rdoba rende noto che \u00e8 stata indetta una procedura di selezione per l&#8217;assunzione di n\u00b0 1 (uno) impiegato a contratto da adibire ai servizi di Collaboratore Amministrativo nel settore contabilit\u00e0-manifestazioni culturali-traduzione presso l&#8217;Istituto Italiano di Cultura di C\u00f3rdoba. Il termine ultimo di ricezione \u00e8 delle domande \u00e8 fissato al 18 [&hellip;]","protected":false},"author":1,"featured_media":0,"comment_status":"","ping_status":"","sticky":false,"template":"","format":"standard","meta":{"footnotes":""},"tags":[],"class_list":["post-1250","post","type-post","status-publish","format-standard","hentry"],"_links":{"self":[{"href":"https:\/\/conscordoba.esteri.it\/it\/wp-json\/wp\/v2\/posts\/1250","targetHints":{"allow":["GET"]}}],"collection":[{"href":"https:\/\/conscordoba.esteri.it\/it\/wp-json\/wp\/v2\/posts"}],"about":[{"href":"https:\/\/conscordoba.esteri.it\/it\/wp-json\/wp\/v2\/types\/post"}],"author":[{"embeddable":true,"href":"https:\/\/conscordoba.esteri.it\/it\/wp-json\/wp\/v2\/users\/1"}],"replies":[{"embeddable":true,"href":"https:\/\/conscordoba.esteri.it\/it\/wp-json\/wp\/v2\/comments?post=1250"}],"version-history":[{"count":0,"href":"https:\/\/conscordoba.esteri.it\/it\/wp-json\/wp\/v2\/posts\/1250\/revisions"}],"wp:attachment":[{"href":"https:\/\/conscordoba.esteri.it\/it\/wp-json\/wp\/v2\/media?parent=1250"}],"wp:term":[{"taxonomy":"post_tag","embeddable":true,"href":"https:\/\/conscordoba.esteri.it\/it\/wp-json\/wp\/v2\/tags?post=1250"}],"curies":[{"name":"wp","href":"https:\/\/api.w.org\/{rel}","templated":true}]}}