{"id":1309,"date":"2020-02-20T13:57:09","date_gmt":"2020-02-20T12:57:09","guid":{"rendered":"https:\/\/conscordoba.esteri.it\/news\/dal_consolato\/2020\/02\/giornate-eli-2020-grammatichiamo\/"},"modified":"2020-02-20T13:57:09","modified_gmt":"2020-02-20T12:57:09","slug":"giornate-eli-2020-grammatichiamo","status":"publish","type":"post","link":"https:\/\/conscordoba.esteri.it\/it\/news\/dal_consolato\/2020\/02\/giornate-eli-2020-grammatichiamo\/","title":{"rendered":"Giornate ELI 2020 &#8211; Grammatichiamo"},"content":{"rendered":"<p style=\"text-align: center;\"><strong>Giornate ELI 2020 &#8211; Grammatichiamo<\/strong><\/p>\n<p style=\"text-align: justify;\">L&#8217;Ufficio Scuole del Consolato Generale \u00e8 lieto di invitarvi alla giornata di formazione offerta dalla ELI edizioni, in collaborazione con l\u2019Istituto Italiano di Cultura di C\u00f3rdoba, sabato 22 febbraio 2020 dalle 9,30 alle 16,30 presso la Scuola Paritaria &#8220;Dante Alighieri&#8221;, sita in via Cnel. Jos\u00e9 Javier D\u00edaz 481. Il corso \u00e8 aperto a tutti i docenti e aspiranti docenti. Durante la giornata sar\u00e0 estratto a sorte un corso presso la scuola Dante Alighieri di Camerino. \u00c8 previsto il rilascio di un attestato di partecipazione.<\/p>\n<p style=\"text-align: justify;\">Per iscriversi, occorre compilare il formulario che troverete al seguente indirizzo:<\/p>\n<p style=\"text-align: justify;\"><a href=\"https:\/\/docs.google.com\/forms\/d\/e\/1FAIpQLScQPvTQrXWgUfe2O2-YIki11FoOGp5SL-6F_48QHJyRcqIZGA\/viewform?fbclid=IwAR1thQeZmVrzSuTpb1D3w3ZjI0ZuzRkD7952-z06nIDN4RqKvuFp7C74hbw\">https:\/\/docs.google.com\/forms\/d\/e\/1FAIpQLScQPvTQrXWgUfe2O2-YIki11FoOGp5SL-6F_48QHJyRcqIZGA\/viewform?fbclid=IwAR1thQeZmVrzSuTpb1D3w3ZjI0ZuzRkD7952-z06nIDN4RqKvuFp7C74hbw<\/a><\/p>\n<p style=\"text-align: justify;\">Dirigente Scolastico: <strong>Alessandra Sistopaoli<\/strong><\/p>\n<p style=\"text-align: justify;\">scuole.cordoba@esteri.it<\/p>\n","protected":false},"excerpt":{"rendered":"Giornate ELI 2020 &#8211; Grammatichiamo L&#8217;Ufficio Scuole del Consolato Generale \u00e8 lieto di invitarvi alla giornata di formazione offerta dalla ELI edizioni, in collaborazione con l\u2019Istituto Italiano di Cultura di C\u00f3rdoba, sabato 22 febbraio 2020 dalle 9,30 alle 16,30 presso la Scuola Paritaria &#8220;Dante Alighieri&#8221;, sita in via Cnel. Jos\u00e9 Javier D\u00edaz 481. Il corso [&hellip;]","protected":false},"author":1,"featured_media":0,"comment_status":"","ping_status":"","sticky":false,"template":"","format":"standard","meta":{"footnotes":""},"tags":[],"class_list":["post-1309","post","type-post","status-publish","format-standard","hentry"],"_links":{"self":[{"href":"https:\/\/conscordoba.esteri.it\/it\/wp-json\/wp\/v2\/posts\/1309","targetHints":{"allow":["GET"]}}],"collection":[{"href":"https:\/\/conscordoba.esteri.it\/it\/wp-json\/wp\/v2\/posts"}],"about":[{"href":"https:\/\/conscordoba.esteri.it\/it\/wp-json\/wp\/v2\/types\/post"}],"author":[{"embeddable":true,"href":"https:\/\/conscordoba.esteri.it\/it\/wp-json\/wp\/v2\/users\/1"}],"replies":[{"embeddable":true,"href":"https:\/\/conscordoba.esteri.it\/it\/wp-json\/wp\/v2\/comments?post=1309"}],"version-history":[{"count":0,"href":"https:\/\/conscordoba.esteri.it\/it\/wp-json\/wp\/v2\/posts\/1309\/revisions"}],"wp:attachment":[{"href":"https:\/\/conscordoba.esteri.it\/it\/wp-json\/wp\/v2\/media?parent=1309"}],"wp:term":[{"taxonomy":"post_tag","embeddable":true,"href":"https:\/\/conscordoba.esteri.it\/it\/wp-json\/wp\/v2\/tags?post=1309"}],"curies":[{"name":"wp","href":"https:\/\/api.w.org\/{rel}","templated":true}]}}