{"id":1316,"date":"2020-01-27T18:22:04","date_gmt":"2020-01-27T17:22:04","guid":{"rendered":"https:\/\/conscordoba.esteri.it\/news\/dal_consolato\/2020\/01\/nicola-di-tullio-ex-console-generale\/"},"modified":"2020-01-27T18:22:04","modified_gmt":"2020-01-27T17:22:04","slug":"nicola-di-tullio-ex-console-generale","status":"publish","type":"post","link":"https:\/\/conscordoba.esteri.it\/it\/news\/dal_consolato\/2020\/01\/nicola-di-tullio-ex-console-generale\/","title":{"rendered":"NICOLA DI TULLIO &#8211; EX CONSOLE GENERALE D&#8217;ITALIA A C\u00d3RDOBA"},"content":{"rendered":"<p style=\"text-align: justify;\">Il Consolato generale piange l\u2019improvvisa scomparsa dell\u2019ex Console generale d\u2019Italia a Cordoba Nicola Di Tullio avvenuta lo scorso venerd\u00ec 25 gennaio. Nicola Di Tullio aveva guidato il Consolato Generale dal 2001 al 2005.<\/p>\n<p style=\"text-align: justify;\">Di lui si ricordano, tra l\u2019altro, la realizzazione dell\u2019attuale Sede del Consolato generale e l\u2019aver avvicinato il Consolato alle comunit\u00e0 italiane presenti nella circoscrizione, visitandole, partecipando ai loro eventi e ascoltando sempre le loro necessit\u00e0, senza mai risparmiarsi. Uno sforzo per il quale, pur a distanza di anni, Nicola Di Tullio \u00e8 ancora ricordato con affetto e riconoscenza dalle persone che lo hanno conosciuto.<\/p>\n<p style=\"text-align: justify;\">In suo nome sar\u00e0 celebrata una Messa nella chiesa Compa\u00f1\u00eda de Jes\u00fas (Caseros esquina Obispo Trejo \u2013 Manzana Jesu\u00edtica) il prossimo venerd\u00ec 31 gennaio alle ore 20.00.<\/p>\n<p style=\"text-align: justify;\"><img decoding=\"async\" style=\"display: block; margin-left: auto; margin-right: auto;\" src=\"resource\/img\/2020\/01\/ditullionicola2.png\" alt=\"ditullionicola2\" \/>\u00a0<\/p>\n","protected":false},"excerpt":{"rendered":"Il Consolato generale piange l\u2019improvvisa scomparsa dell\u2019ex Console generale d\u2019Italia a Cordoba Nicola Di Tullio avvenuta lo scorso venerd\u00ec 25 gennaio. Nicola Di Tullio aveva guidato il Consolato Generale dal 2001 al 2005. Di lui si ricordano, tra l\u2019altro, la realizzazione dell\u2019attuale Sede del Consolato generale e l\u2019aver avvicinato il Consolato alle comunit\u00e0 italiane presenti [&hellip;]","protected":false},"author":1,"featured_media":0,"comment_status":"","ping_status":"","sticky":false,"template":"","format":"standard","meta":{"footnotes":""},"tags":[],"class_list":["post-1316","post","type-post","status-publish","format-standard","hentry"],"_links":{"self":[{"href":"https:\/\/conscordoba.esteri.it\/it\/wp-json\/wp\/v2\/posts\/1316","targetHints":{"allow":["GET"]}}],"collection":[{"href":"https:\/\/conscordoba.esteri.it\/it\/wp-json\/wp\/v2\/posts"}],"about":[{"href":"https:\/\/conscordoba.esteri.it\/it\/wp-json\/wp\/v2\/types\/post"}],"author":[{"embeddable":true,"href":"https:\/\/conscordoba.esteri.it\/it\/wp-json\/wp\/v2\/users\/1"}],"replies":[{"embeddable":true,"href":"https:\/\/conscordoba.esteri.it\/it\/wp-json\/wp\/v2\/comments?post=1316"}],"version-history":[{"count":0,"href":"https:\/\/conscordoba.esteri.it\/it\/wp-json\/wp\/v2\/posts\/1316\/revisions"}],"wp:attachment":[{"href":"https:\/\/conscordoba.esteri.it\/it\/wp-json\/wp\/v2\/media?parent=1316"}],"wp:term":[{"taxonomy":"post_tag","embeddable":true,"href":"https:\/\/conscordoba.esteri.it\/it\/wp-json\/wp\/v2\/tags?post=1316"}],"curies":[{"name":"wp","href":"https:\/\/api.w.org\/{rel}","templated":true}]}}