{"id":1333,"date":"2019-10-08T15:43:39","date_gmt":"2019-10-08T13:43:39","guid":{"rendered":"https:\/\/conscordoba.esteri.it\/news\/dal_consolato\/2019\/10\/promozione-della-lingua-italiana\/"},"modified":"2019-10-08T15:43:39","modified_gmt":"2019-10-08T13:43:39","slug":"promozione-della-lingua-italiana","status":"publish","type":"post","link":"https:\/\/conscordoba.esteri.it\/it\/news\/dal_consolato\/2019\/10\/promozione-della-lingua-italiana\/","title":{"rendered":"PROMOZIONE DELLA LINGUA ITALIANA E COOPERAZIONE ACCADEMICA. A MAR DEL PLATA PRIMA CATTEDRA DI STUDI SULLA ITALICITA&#8217;"},"content":{"rendered":"<p><span style=\"text-decoration: underline;\"><strong>Promozione della lingua italiana e cooperazione accademica. A Mar del Plata prima cattedra di studi sulla italicit\u00e0.<\/strong><\/span><\/p>\n<p style=\"text-align: justify;\">Il 9 settembre u.s. \u00e8 stata inaugurata la cattedra aperta di &#8220;Cultura italica y glocalizacion&#8221; dell\u2019Universit\u00e0 Nazionale di Mar del Plata, frutto della collaborazione tra Universit\u00e0 di Mar del Plata, Universit\u00e0 di Verona, Ambasciata, l&#8217;IIC di Buenos Aires e il Consolato di Mar del Plata. La cattedra di &#8220;italicit\u00e0'&#8221; rappresenta un unicum nel suo genere e nasce con l&#8217;obiettivo di favorire studi su come la presenza italiana nel mondo ha dato origine a forme ibride e diverse di identit\u00e0 che tuttavia mantengono in s\u00e9 un nucleo di valori e specificit\u00e0 che possono essere diffusi alle comunit\u00e0 dove si sono radicate, secondo il principio per cui, se l\u2019italianit\u00e0 sta in Italia, l\u2019italicit\u00e0 sta nel mondo. In tal senso \u00e8 pi\u00f9 che naturale che il primo centro di studi di tale natura nasca in Argentina dove una simile cornice accademica &#8220;glocalistica&#8221; consentir\u00e0 di promuovere studi e iniziative nei settori pi\u00f9 diversi (storia, promozione economica, politica, studi sociali) e non solo nella diffusione della lingua.<\/p>\n<p style=\"text-align: justify;\">Per connessione di argomento si segnala che nei giorni immediatamente precedenti (5-7 settembre), si era tenuto a Santa Fe il congresso nazionale dell&#8217;Associazione dei Docenti di Italiano ADILLI. A conclusione dei lavori del convegno, \u00e8 stato consegnato il primo Premio per la lingua italiana al miglior elaborato svolto da studenti universitari dell&#8217;Argentina sul tema della Settimana della lingua italiana &#8220;L&#8217;italiano sul palcoscenico&#8221;. Il Premio, ideato ed organizzato dai due Istituti di Cultura di Buenos Aires e di Cordoba in collaborazione con ADILLI, mette a disposizione del vincitore un biglietto aereo A\/R per l&#8217;Italia ed \u00e8 offerto ad anni alterni dai due IIC. Esso costituisce un incentivo concreto allo studio e all&#8217;approfondimento della nostra lingua e consente di rafforzare la vicinanza delle istituzioni italiane presenti sul territorio al mondo dell&#8217;apprendimento e insegnamento della nostra lingua.<\/p>\n","protected":false},"excerpt":{"rendered":"Promozione della lingua italiana e cooperazione accademica. A Mar del Plata prima cattedra di studi sulla italicit\u00e0. Il 9 settembre u.s. \u00e8 stata inaugurata la cattedra aperta di &#8220;Cultura italica y glocalizacion&#8221; dell\u2019Universit\u00e0 Nazionale di Mar del Plata, frutto della collaborazione tra Universit\u00e0 di Mar del Plata, Universit\u00e0 di Verona, Ambasciata, l&#8217;IIC di Buenos Aires [&hellip;]","protected":false},"author":1,"featured_media":0,"comment_status":"","ping_status":"","sticky":false,"template":"","format":"standard","meta":{"footnotes":""},"tags":[],"class_list":["post-1333","post","type-post","status-publish","format-standard","hentry"],"_links":{"self":[{"href":"https:\/\/conscordoba.esteri.it\/it\/wp-json\/wp\/v2\/posts\/1333","targetHints":{"allow":["GET"]}}],"collection":[{"href":"https:\/\/conscordoba.esteri.it\/it\/wp-json\/wp\/v2\/posts"}],"about":[{"href":"https:\/\/conscordoba.esteri.it\/it\/wp-json\/wp\/v2\/types\/post"}],"author":[{"embeddable":true,"href":"https:\/\/conscordoba.esteri.it\/it\/wp-json\/wp\/v2\/users\/1"}],"replies":[{"embeddable":true,"href":"https:\/\/conscordoba.esteri.it\/it\/wp-json\/wp\/v2\/comments?post=1333"}],"version-history":[{"count":0,"href":"https:\/\/conscordoba.esteri.it\/it\/wp-json\/wp\/v2\/posts\/1333\/revisions"}],"wp:attachment":[{"href":"https:\/\/conscordoba.esteri.it\/it\/wp-json\/wp\/v2\/media?parent=1333"}],"wp:term":[{"taxonomy":"post_tag","embeddable":true,"href":"https:\/\/conscordoba.esteri.it\/it\/wp-json\/wp\/v2\/tags?post=1333"}],"curies":[{"name":"wp","href":"https:\/\/api.w.org\/{rel}","templated":true}]}}