{"id":1349,"date":"2019-07-08T15:24:47","date_gmt":"2019-07-08T13:24:47","guid":{"rendered":"https:\/\/conscordoba.esteri.it\/news\/dal_consolato\/2019\/07\/prospero-sapone-presidente-della\/"},"modified":"2019-07-08T15:24:47","modified_gmt":"2019-07-08T13:24:47","slug":"prospero-sapone-presidente-della","status":"publish","type":"post","link":"https:\/\/conscordoba.esteri.it\/it\/news\/dal_consolato\/2019\/07\/prospero-sapone-presidente-della\/","title":{"rendered":"Prospero Sapone, Presidente della Federazione delle Associazioni italiane a C\u00f3rdoba"},"content":{"rendered":"<p>Siamo profondamente addolorati dalla morte di <strong>Prospero Sapone<\/strong>, <span style=\"text-decoration: underline;\">Presidente della Federazione delle Associazioni italiane a C\u00f3rdoba<\/span>.<\/p>\n<p>Con lui se ne va un grande amico, del Consolato generale, dell\u2019Italia e della comunit\u00e0 italiana a C\u00f3rdoba.<\/p>\n<p>Un uomo onesto, gentile, leale, dotato di una generosit\u00e0 fuori dal comune e sempre pronto, senza mai riposarsi, ad ascoltare ed aiutare i connazionali in difficolt\u00e0.<\/p>\n<p>La comunit\u00e0 italiana perde purtroppo uno dei suoi uomini migliori, espressione pi\u00f9 pura dei valori di solidariet\u00e0 e generosit\u00e0 che gli emigranti hanno portato in Argentina.<\/p>\n<p>Con grande tristezza ricordiamo l\u2019uomo, l\u2019amico e la sua opera che deve essere proseguita.<\/p>\n<p>Per noi che abbiamo avuto la fortuna di conoscerlo, sar\u00e0 sempre tra i giusti di questa comunit\u00e0.<\/p>\n<p>I nostri pensieri e la nostra vicinanza vanno alla sua bellissima famiglia, alla quale ci stringiamo in questo momento di dolore.<\/p>\n","protected":false},"excerpt":{"rendered":"Siamo profondamente addolorati dalla morte di Prospero Sapone, Presidente della Federazione delle Associazioni italiane a C\u00f3rdoba. Con lui se ne va un grande amico, del Consolato generale, dell\u2019Italia e della comunit\u00e0 italiana a C\u00f3rdoba. Un uomo onesto, gentile, leale, dotato di una generosit\u00e0 fuori dal comune e sempre pronto, senza mai riposarsi, ad ascoltare ed [&hellip;]","protected":false},"author":1,"featured_media":0,"comment_status":"","ping_status":"","sticky":false,"template":"","format":"standard","meta":{"footnotes":""},"tags":[],"class_list":["post-1349","post","type-post","status-publish","format-standard","hentry"],"_links":{"self":[{"href":"https:\/\/conscordoba.esteri.it\/it\/wp-json\/wp\/v2\/posts\/1349","targetHints":{"allow":["GET"]}}],"collection":[{"href":"https:\/\/conscordoba.esteri.it\/it\/wp-json\/wp\/v2\/posts"}],"about":[{"href":"https:\/\/conscordoba.esteri.it\/it\/wp-json\/wp\/v2\/types\/post"}],"author":[{"embeddable":true,"href":"https:\/\/conscordoba.esteri.it\/it\/wp-json\/wp\/v2\/users\/1"}],"replies":[{"embeddable":true,"href":"https:\/\/conscordoba.esteri.it\/it\/wp-json\/wp\/v2\/comments?post=1349"}],"version-history":[{"count":0,"href":"https:\/\/conscordoba.esteri.it\/it\/wp-json\/wp\/v2\/posts\/1349\/revisions"}],"wp:attachment":[{"href":"https:\/\/conscordoba.esteri.it\/it\/wp-json\/wp\/v2\/media?parent=1349"}],"wp:term":[{"taxonomy":"post_tag","embeddable":true,"href":"https:\/\/conscordoba.esteri.it\/it\/wp-json\/wp\/v2\/tags?post=1349"}],"curies":[{"name":"wp","href":"https:\/\/api.w.org\/{rel}","templated":true}]}}