{"id":1355,"date":"2019-06-14T17:01:00","date_gmt":"2019-06-14T15:01:00","guid":{"rendered":"https:\/\/conscordoba.esteri.it\/news\/dal_consolato\/2019\/06\/lunedi-17-e-giovedi-20-giugno-il\/"},"modified":"2019-06-14T17:01:00","modified_gmt":"2019-06-14T15:01:00","slug":"lunedi-17-e-giovedi-20-giugno-il","status":"publish","type":"post","link":"https:\/\/conscordoba.esteri.it\/it\/news\/dal_consolato\/2019\/06\/lunedi-17-e-giovedi-20-giugno-il\/","title":{"rendered":"LUNED\u00cc 17 E GIOVED\u00cc 20 GIUGNO: IL CONSOLATO \u00c8 APERTO"},"content":{"rendered":"<p><span style=\"text-decoration: underline;\">LUNED\u00cc 17 E GIOVED\u00cc 20 GIUGNO: <strong>IL CONSOLATO \u00c8 APERTO.<\/strong><\/span><\/p>\n<p>Si informano gli utenti che il Consolato Generale sar\u00e0 aperto durante le giornate di luned\u00ec 17 e gioved\u00ec 20 giugno (festivi argentini) negli orari normali di ricezione del pubblico.<\/p>\n<p>Ved.\u00a0<a href=\"it\/la_comunicazione\/dal_consolato\/2017\/01\/calendario-festivita-2017.html\">calendario delle festivit\u00e0 della Sede.<\/a><\/p>\n<p>Grazie, il Consolato Generale.<\/p>\n<p>\u00a0<\/p>\n","protected":false},"excerpt":{"rendered":"LUNED\u00cc 17 E GIOVED\u00cc 20 GIUGNO: IL CONSOLATO \u00c8 APERTO. Si informano gli utenti che il Consolato Generale sar\u00e0 aperto durante le giornate di luned\u00ec 17 e gioved\u00ec 20 giugno (festivi argentini) negli orari normali di ricezione del pubblico. Ved.\u00a0calendario delle festivit\u00e0 della Sede. Grazie, il Consolato Generale. \u00a0","protected":false},"author":1,"featured_media":0,"comment_status":"","ping_status":"","sticky":false,"template":"","format":"standard","meta":{"footnotes":""},"tags":[],"class_list":["post-1355","post","type-post","status-publish","format-standard","hentry"],"_links":{"self":[{"href":"https:\/\/conscordoba.esteri.it\/it\/wp-json\/wp\/v2\/posts\/1355","targetHints":{"allow":["GET"]}}],"collection":[{"href":"https:\/\/conscordoba.esteri.it\/it\/wp-json\/wp\/v2\/posts"}],"about":[{"href":"https:\/\/conscordoba.esteri.it\/it\/wp-json\/wp\/v2\/types\/post"}],"author":[{"embeddable":true,"href":"https:\/\/conscordoba.esteri.it\/it\/wp-json\/wp\/v2\/users\/1"}],"replies":[{"embeddable":true,"href":"https:\/\/conscordoba.esteri.it\/it\/wp-json\/wp\/v2\/comments?post=1355"}],"version-history":[{"count":0,"href":"https:\/\/conscordoba.esteri.it\/it\/wp-json\/wp\/v2\/posts\/1355\/revisions"}],"wp:attachment":[{"href":"https:\/\/conscordoba.esteri.it\/it\/wp-json\/wp\/v2\/media?parent=1355"}],"wp:term":[{"taxonomy":"post_tag","embeddable":true,"href":"https:\/\/conscordoba.esteri.it\/it\/wp-json\/wp\/v2\/tags?post=1355"}],"curies":[{"name":"wp","href":"https:\/\/api.w.org\/{rel}","templated":true}]}}