{"id":1369,"date":"2019-03-25T16:55:34","date_gmt":"2019-03-25T15:55:34","guid":{"rendered":"https:\/\/conscordoba.esteri.it\/news\/dal_consolato\/2019\/03\/chiusura-degli-uffici-durante-la\/"},"modified":"2019-03-25T16:55:34","modified_gmt":"2019-03-25T15:55:34","slug":"chiusura-degli-uffici-durante-la","status":"publish","type":"post","link":"https:\/\/conscordoba.esteri.it\/it\/news\/dal_consolato\/2019\/03\/chiusura-degli-uffici-durante-la\/","title":{"rendered":"Chiusura degli Uffici durante la giornata di mercoled\u00ec 27 c.m."},"content":{"rendered":"<p><span style=\"text-decoration: underline;\"><strong>Chiusura degli Uffici durante la giornata di mercoled\u00ec 27 c.m.<\/strong><\/span><\/p>\n<p>Si informano gli utenti che il Consolato Generale d&#8217;Italia in C\u00f3rdoba sar\u00e0 chiuso al pubblico durante la giornata di mercoled\u00ec 27 marzo 2019 a causa delle manifestazione che avranno luogo nella citt\u00e0 in occasione del Congresso Internazionale della Lingua Spagnola (CILE).<\/p>\n<p>Chi ha un appuntamento, sar\u00e0 contattato direttamente dall&#8217;Ufficio spettante.<\/p>\n","protected":false},"excerpt":{"rendered":"Chiusura degli Uffici durante la giornata di mercoled\u00ec 27 c.m. Si informano gli utenti che il Consolato Generale d&#8217;Italia in C\u00f3rdoba sar\u00e0 chiuso al pubblico durante la giornata di mercoled\u00ec 27 marzo 2019 a causa delle manifestazione che avranno luogo nella citt\u00e0 in occasione del Congresso Internazionale della Lingua Spagnola (CILE). Chi ha un appuntamento, [&hellip;]","protected":false},"author":1,"featured_media":0,"comment_status":"","ping_status":"","sticky":false,"template":"","format":"standard","meta":{"footnotes":""},"tags":[],"class_list":["post-1369","post","type-post","status-publish","format-standard","hentry"],"_links":{"self":[{"href":"https:\/\/conscordoba.esteri.it\/it\/wp-json\/wp\/v2\/posts\/1369","targetHints":{"allow":["GET"]}}],"collection":[{"href":"https:\/\/conscordoba.esteri.it\/it\/wp-json\/wp\/v2\/posts"}],"about":[{"href":"https:\/\/conscordoba.esteri.it\/it\/wp-json\/wp\/v2\/types\/post"}],"author":[{"embeddable":true,"href":"https:\/\/conscordoba.esteri.it\/it\/wp-json\/wp\/v2\/users\/1"}],"replies":[{"embeddable":true,"href":"https:\/\/conscordoba.esteri.it\/it\/wp-json\/wp\/v2\/comments?post=1369"}],"version-history":[{"count":0,"href":"https:\/\/conscordoba.esteri.it\/it\/wp-json\/wp\/v2\/posts\/1369\/revisions"}],"wp:attachment":[{"href":"https:\/\/conscordoba.esteri.it\/it\/wp-json\/wp\/v2\/media?parent=1369"}],"wp:term":[{"taxonomy":"post_tag","embeddable":true,"href":"https:\/\/conscordoba.esteri.it\/it\/wp-json\/wp\/v2\/tags?post=1369"}],"curies":[{"name":"wp","href":"https:\/\/api.w.org\/{rel}","templated":true}]}}