{"id":1395,"date":"2018-10-19T19:41:51","date_gmt":"2018-10-19T17:41:51","guid":{"rendered":"https:\/\/conscordoba.esteri.it\/news\/dal_consolato\/2018\/10\/conferenza-della-dott-ssa-alessandra\/"},"modified":"2018-10-19T19:41:51","modified_gmt":"2018-10-19T17:41:51","slug":"conferenza-della-dott-ssa-alessandra","status":"publish","type":"post","link":"https:\/\/conscordoba.esteri.it\/it\/news\/dal_consolato\/2018\/10\/conferenza-della-dott-ssa-alessandra\/","title":{"rendered":"Conferenza della Dott.ssa Alessandra Sistopaoli"},"content":{"rendered":"<p><strong>XVIII SETTIMANA DELLA LINGUA ITALIANA NEL MONDO<\/strong><\/p>\n<p><strong>&#8220;L&#8217;ITALIANO E LA RETE, LE RETI PER L&#8217;ITALIANO&#8221;<\/strong><\/p>\n<p style=\"text-align: justify;\">La Responsabile dell&#8217;Ufficio Scuole del Consolato Generale d&#8217;Italia a C\u00f3rdoba, <strong>Dott.ssa Alessandra Sistopaoli<\/strong>, ha partecipato anche lei alle attivit\u00e0 organizzate dall&#8217;Istituto Italiano di Cultura di C\u00f3rdoba e il Consolato Generale in occasione della XVIII Settimana della Lingua Italiana nel Mondo con una conferenza in cui si \u00e8 esaminata una peculiarit\u00e0 propria dell&#8217;emigrazione italiana:<span style=\"text-decoration: underline;\"><em> l\u2019aspetto socio-linguistico caratterizzato da una particolare mescolanza tra il dialetto di origine, l\u2019italiano e lo spagnolo.<\/em><\/span><\/p>\n<p style=\"text-align: justify;\">La conferenza della Prof.ssa Sistopaoli \u00e8 stata marted\u00ed 16 ottobre 2018, alle ore 11, presso la sede dei corsi di italiano dell&#8217;Istituto.<\/p>\n<p style=\"text-align: justify;\">Ufficio Scuole del Consolato Generale d&#8217;Italia a C\u00f3rdoba: <a href=\"mailto:scuole.cordoba@esteri.it\">scuole.cordoba@esteri.it<\/a>.<\/p>\n<p><img loading=\"lazy\" decoding=\"async\" src=\"resource\/img\/2018\/10\/fotone-01_6_1.jpg\" alt=\"fotone 01 6 1\" width=\"723\" height=\"449\" style=\"display: block; margin-left: auto; margin-right: auto;\" \/><\/p>\n<p>\u00a0<\/p>\n<p>\u00a0<\/p>\n","protected":false},"excerpt":{"rendered":"XVIII SETTIMANA DELLA LINGUA ITALIANA NEL MONDO &#8220;L&#8217;ITALIANO E LA RETE, LE RETI PER L&#8217;ITALIANO&#8221; La Responsabile dell&#8217;Ufficio Scuole del Consolato Generale d&#8217;Italia a C\u00f3rdoba, Dott.ssa Alessandra Sistopaoli, ha partecipato anche lei alle attivit\u00e0 organizzate dall&#8217;Istituto Italiano di Cultura di C\u00f3rdoba e il Consolato Generale in occasione della XVIII Settimana della Lingua Italiana nel Mondo [&hellip;]","protected":false},"author":1,"featured_media":0,"comment_status":"","ping_status":"","sticky":false,"template":"","format":"standard","meta":{"footnotes":""},"tags":[],"class_list":["post-1395","post","type-post","status-publish","format-standard","hentry"],"_links":{"self":[{"href":"https:\/\/conscordoba.esteri.it\/it\/wp-json\/wp\/v2\/posts\/1395","targetHints":{"allow":["GET"]}}],"collection":[{"href":"https:\/\/conscordoba.esteri.it\/it\/wp-json\/wp\/v2\/posts"}],"about":[{"href":"https:\/\/conscordoba.esteri.it\/it\/wp-json\/wp\/v2\/types\/post"}],"author":[{"embeddable":true,"href":"https:\/\/conscordoba.esteri.it\/it\/wp-json\/wp\/v2\/users\/1"}],"replies":[{"embeddable":true,"href":"https:\/\/conscordoba.esteri.it\/it\/wp-json\/wp\/v2\/comments?post=1395"}],"version-history":[{"count":0,"href":"https:\/\/conscordoba.esteri.it\/it\/wp-json\/wp\/v2\/posts\/1395\/revisions"}],"wp:attachment":[{"href":"https:\/\/conscordoba.esteri.it\/it\/wp-json\/wp\/v2\/media?parent=1395"}],"wp:term":[{"taxonomy":"post_tag","embeddable":true,"href":"https:\/\/conscordoba.esteri.it\/it\/wp-json\/wp\/v2\/tags?post=1395"}],"curies":[{"name":"wp","href":"https:\/\/api.w.org\/{rel}","templated":true}]}}