{"id":1396,"date":"2018-10-19T17:32:28","date_gmt":"2018-10-19T15:32:28","guid":{"rendered":"https:\/\/conscordoba.esteri.it\/news\/dal_consolato\/2018\/10\/attivita-della-escuela-bilinguee\/"},"modified":"2018-10-19T17:32:28","modified_gmt":"2018-10-19T15:32:28","slug":"attivita-della-escuela-bilinguee","status":"publish","type":"post","link":"https:\/\/conscordoba.esteri.it\/it\/news\/dal_consolato\/2018\/10\/attivita-della-escuela-bilinguee\/","title":{"rendered":"Attivit\u00e0 della &#8220;Escuela Biling\u00fce Bicultural&#8221; di San Francisco"},"content":{"rendered":"<p style=\"text-align: justify;\"><span style=\"text-decoration: underline;\"><strong>Attivit\u00e0 della &#8220;Escuela Biling\u00fce Bicultural&#8221; di San Francisco<\/strong><\/span><\/p>\n<p style=\"text-align: justify;\">Siamo lieti di pubblicare il cronoprogramma delle attivit\u00e0 svolte dalla &#8220;Escuela Biling\u00fce Bicultural&#8221; di San Francisco nell&#8217;ambito della XVIII Settimana della Lingua Italiana nel Mondo il cui tema quest&#8217;anno \u00e8 &#8220;L&#8217;italiano e la rete, la rete per l&#8217;italiano&#8221;.<\/p>\n<p style=\"text-align: justify;\">Un grazie in particolare ai proffessori Paula Allazzetta, Silvina Grassi, Marcia Alisio, Michele Aquiela, Luciana Villareal e Adri\u00e1n Terenzano che hanno sperimentato una didattica innovativa e piena di fantasia, aderendo all&#8217;invito di questo Ufficio e dando prova di una reale eccellenza nel panorama delle scuole italo-argentine.<\/p>\n<p style=\"text-align: justify;\"><em>Grazie!<\/em><\/p>\n<p style=\"text-align: justify;\"><em>Ufficio Scuole del Consolato Generale d&#8217;Italia a C\u00f3rdoba.<\/em><\/p>\n<p style=\"text-align: justify;\"><em>scuole.cordoba@esteri.it<br \/><\/em><\/p>\n<p style=\"text-align: justify;\"><em>Dott.ssa Alessandra Sistopaoli<\/em><\/p>\n<p><img decoding=\"async\" src=\"resource\/img\/2018\/10\/cronoprogramma.png\" alt=\"cronoprogramma\" \/><\/p>\n<p>\u00a0<\/p>\n","protected":false},"excerpt":{"rendered":"Attivit\u00e0 della &#8220;Escuela Biling\u00fce Bicultural&#8221; di San Francisco Siamo lieti di pubblicare il cronoprogramma delle attivit\u00e0 svolte dalla &#8220;Escuela Biling\u00fce Bicultural&#8221; di San Francisco nell&#8217;ambito della XVIII Settimana della Lingua Italiana nel Mondo il cui tema quest&#8217;anno \u00e8 &#8220;L&#8217;italiano e la rete, la rete per l&#8217;italiano&#8221;. Un grazie in particolare ai proffessori Paula Allazzetta, Silvina [&hellip;]","protected":false},"author":1,"featured_media":0,"comment_status":"","ping_status":"","sticky":false,"template":"","format":"standard","meta":{"footnotes":""},"tags":[],"class_list":["post-1396","post","type-post","status-publish","format-standard","hentry"],"_links":{"self":[{"href":"https:\/\/conscordoba.esteri.it\/it\/wp-json\/wp\/v2\/posts\/1396","targetHints":{"allow":["GET"]}}],"collection":[{"href":"https:\/\/conscordoba.esteri.it\/it\/wp-json\/wp\/v2\/posts"}],"about":[{"href":"https:\/\/conscordoba.esteri.it\/it\/wp-json\/wp\/v2\/types\/post"}],"author":[{"embeddable":true,"href":"https:\/\/conscordoba.esteri.it\/it\/wp-json\/wp\/v2\/users\/1"}],"replies":[{"embeddable":true,"href":"https:\/\/conscordoba.esteri.it\/it\/wp-json\/wp\/v2\/comments?post=1396"}],"version-history":[{"count":0,"href":"https:\/\/conscordoba.esteri.it\/it\/wp-json\/wp\/v2\/posts\/1396\/revisions"}],"wp:attachment":[{"href":"https:\/\/conscordoba.esteri.it\/it\/wp-json\/wp\/v2\/media?parent=1396"}],"wp:term":[{"taxonomy":"post_tag","embeddable":true,"href":"https:\/\/conscordoba.esteri.it\/it\/wp-json\/wp\/v2\/tags?post=1396"}],"curies":[{"name":"wp","href":"https:\/\/api.w.org\/{rel}","templated":true}]}}