{"id":1410,"date":"2018-08-31T14:30:49","date_gmt":"2018-08-31T12:30:49","guid":{"rendered":"https:\/\/conscordoba.esteri.it\/news\/dal_consolato\/2018\/08\/seminario-sulle-traduzioni-aggiornamento\/"},"modified":"2018-08-31T14:30:49","modified_gmt":"2018-08-31T12:30:49","slug":"seminario-sulle-traduzioni-aggiornamento","status":"publish","type":"post","link":"https:\/\/conscordoba.esteri.it\/it\/news\/dal_consolato\/2018\/08\/seminario-sulle-traduzioni-aggiornamento\/","title":{"rendered":"Seminario sulle Traduzioni: aggiornamento in materia consolare"},"content":{"rendered":"<p style=\"text-align: justify;\">Il Consolato Generale d\u2019Italia organizza l\u2019edizione 2018 del <em>Seminario sulle Traduzioni: aggiornamento in materia consolare<\/em> dedicato ai traduttori iscritti agli Albi professionali della Circoscrizione Consolare di C\u00f3rdoba.<\/p>\n<p style=\"text-align: justify;\">La partecipazione sar\u00e0 limitata ai primi 30 iscritti e verr\u00e0 data priorit\u00e0 alle domande che non si \u00e8 potuto accogliere in occasione del Seminario tenutosi a maggio 2017.<\/p>\n<p style=\"text-align: justify;\">Il Seminario \u00e8 gratuito e la richiesta d\u2019iscrizione va formalizzata compilando l\u2019apposito modulo disponibile al seguente link:<\/p>\n<p style=\"text-align: justify;\"><a href=\"https:\/\/goo.gl\/forms\/Yk9zUREWUNce0JiL2\">https:\/\/goo.gl\/forms\/Yk9zUREWUNce0JiL2<\/a><\/p>\n<p style=\"text-align: justify;\">Per maggiori informazioni: <a href=\"mailto:segreteria.cordoba@esteri.it\">segreteria.cordoba@esteri.it<\/a><a href=\"mailto:segreteria.cordoba@esteri.it\"><\/a><\/p>\n<p style=\"text-align: justify;\"><img loading=\"lazy\" decoding=\"async\" src=\"resource\/img\/2018\/08\/flyer-02_per_facebook.jpg\" alt=\"flyer 02 per facebook\" width=\"1016\" height=\"1016\" \/><\/p>\n<p style=\"text-align: justify;\">\u00a0<\/p>\n","protected":false},"excerpt":{"rendered":"Il Consolato Generale d\u2019Italia organizza l\u2019edizione 2018 del Seminario sulle Traduzioni: aggiornamento in materia consolare dedicato ai traduttori iscritti agli Albi professionali della Circoscrizione Consolare di C\u00f3rdoba. La partecipazione sar\u00e0 limitata ai primi 30 iscritti e verr\u00e0 data priorit\u00e0 alle domande che non si \u00e8 potuto accogliere in occasione del Seminario tenutosi a maggio 2017. [&hellip;]","protected":false},"author":1,"featured_media":0,"comment_status":"","ping_status":"","sticky":false,"template":"","format":"standard","meta":{"footnotes":""},"tags":[],"class_list":["post-1410","post","type-post","status-publish","format-standard","hentry"],"_links":{"self":[{"href":"https:\/\/conscordoba.esteri.it\/it\/wp-json\/wp\/v2\/posts\/1410","targetHints":{"allow":["GET"]}}],"collection":[{"href":"https:\/\/conscordoba.esteri.it\/it\/wp-json\/wp\/v2\/posts"}],"about":[{"href":"https:\/\/conscordoba.esteri.it\/it\/wp-json\/wp\/v2\/types\/post"}],"author":[{"embeddable":true,"href":"https:\/\/conscordoba.esteri.it\/it\/wp-json\/wp\/v2\/users\/1"}],"replies":[{"embeddable":true,"href":"https:\/\/conscordoba.esteri.it\/it\/wp-json\/wp\/v2\/comments?post=1410"}],"version-history":[{"count":0,"href":"https:\/\/conscordoba.esteri.it\/it\/wp-json\/wp\/v2\/posts\/1410\/revisions"}],"wp:attachment":[{"href":"https:\/\/conscordoba.esteri.it\/it\/wp-json\/wp\/v2\/media?parent=1410"}],"wp:term":[{"taxonomy":"post_tag","embeddable":true,"href":"https:\/\/conscordoba.esteri.it\/it\/wp-json\/wp\/v2\/tags?post=1410"}],"curies":[{"name":"wp","href":"https:\/\/api.w.org\/{rel}","templated":true}]}}