{"id":1438,"date":"2018-05-22T16:44:40","date_gmt":"2018-05-22T14:44:40","guid":{"rendered":"https:\/\/conscordoba.esteri.it\/news\/dal_consolato\/2018\/05\/italia-a-cordoba-attivita-culturali\/"},"modified":"2018-05-22T16:44:40","modified_gmt":"2018-05-22T14:44:40","slug":"italia-a-cordoba-attivita-culturali","status":"publish","type":"post","link":"https:\/\/conscordoba.esteri.it\/it\/news\/dal_consolato\/2018\/05\/italia-a-cordoba-attivita-culturali\/","title":{"rendered":"Italia a C\u00f3rdoba! Attivit\u00e0 culturali 16 maggio -14 giugno 2018"},"content":{"rendered":"<p style=\"text-align: center;\"><span style=\"text-decoration: underline;\"><strong>Italia a C\u00f3rdoba!<\/strong><\/span><\/p>\n<p style=\"text-align: center;\"><span style=\"text-decoration: underline;\"><strong>Attivit\u00e0 culturali 16 maggio -14 giugno 2018<\/strong><\/span><\/p>\n<p style=\"text-align: justify;\">Concerti, jazz, cinema e tantissime altre attivit\u00e0 organizzate dall&#8217;Istituto Italiano di Cultura della nostra citt\u00e0 nel quadro dei festeggiamenti del 72\u00ba anniversario della Repubblica Italiana!<\/p>\n<p style=\"text-align: justify;\">Per sperne di pi\u00f9: <a href=\"http:\/\/www.iiccordoba.esteri.it\">www.iiccordoba.esteri.it<\/a>.<\/p>\n<p><img loading=\"lazy\" decoding=\"async\" src=\"resource\/img\/2018\/05\/fotone_italia_en_cordoba-01.jpg\" alt=\"fotone italia en cordoba 01\" width=\"691\" height=\"426\" \/><\/p>\n","protected":false},"excerpt":{"rendered":"Italia a C\u00f3rdoba! Attivit\u00e0 culturali 16 maggio -14 giugno 2018 Concerti, jazz, cinema e tantissime altre attivit\u00e0 organizzate dall&#8217;Istituto Italiano di Cultura della nostra citt\u00e0 nel quadro dei festeggiamenti del 72\u00ba anniversario della Repubblica Italiana! Per sperne di pi\u00f9: www.iiccordoba.esteri.it.","protected":false},"author":1,"featured_media":0,"comment_status":"","ping_status":"","sticky":false,"template":"","format":"standard","meta":{"footnotes":""},"tags":[],"class_list":["post-1438","post","type-post","status-publish","format-standard","hentry"],"_links":{"self":[{"href":"https:\/\/conscordoba.esteri.it\/it\/wp-json\/wp\/v2\/posts\/1438","targetHints":{"allow":["GET"]}}],"collection":[{"href":"https:\/\/conscordoba.esteri.it\/it\/wp-json\/wp\/v2\/posts"}],"about":[{"href":"https:\/\/conscordoba.esteri.it\/it\/wp-json\/wp\/v2\/types\/post"}],"author":[{"embeddable":true,"href":"https:\/\/conscordoba.esteri.it\/it\/wp-json\/wp\/v2\/users\/1"}],"replies":[{"embeddable":true,"href":"https:\/\/conscordoba.esteri.it\/it\/wp-json\/wp\/v2\/comments?post=1438"}],"version-history":[{"count":0,"href":"https:\/\/conscordoba.esteri.it\/it\/wp-json\/wp\/v2\/posts\/1438\/revisions"}],"wp:attachment":[{"href":"https:\/\/conscordoba.esteri.it\/it\/wp-json\/wp\/v2\/media?parent=1438"}],"wp:term":[{"taxonomy":"post_tag","embeddable":true,"href":"https:\/\/conscordoba.esteri.it\/it\/wp-json\/wp\/v2\/tags?post=1438"}],"curies":[{"name":"wp","href":"https:\/\/api.w.org\/{rel}","templated":true}]}}