{"id":1442,"date":"2018-05-09T19:35:18","date_gmt":"2018-05-09T17:35:18","guid":{"rendered":"https:\/\/conscordoba.esteri.it\/news\/dal_consolato\/2018\/05\/scuola-paritaria-dante-alighieri\/"},"modified":"2018-05-09T19:35:18","modified_gmt":"2018-05-09T17:35:18","slug":"scuola-paritaria-dante-alighieri","status":"publish","type":"post","link":"https:\/\/conscordoba.esteri.it\/it\/news\/dal_consolato\/2018\/05\/scuola-paritaria-dante-alighieri\/","title":{"rendered":"Scuola Paritaria Dante Alighieri: un sacco di attivit\u00e0!"},"content":{"rendered":"<p style=\"text-align: center;\"><span style=\"text-decoration: underline;\"><strong>Scuola Paritaria Dante Alighieri: un sacco di attivit\u00e0!<\/strong><\/span><\/p>\n<p style=\"text-align: justify;\"><span style=\"text-decoration: underline;\"><strong>Cerimonia in commemorazione del 25 Aprile: Anniversario della liberazione d&#8217;Italia<\/strong><\/span><\/p>\n<p style=\"text-align: justify;\">Il 25 aprile \u00e8 stato ricordato a scuola con un interessante dibattito, dopo una settimana di lavori ed approfondimenti in classe. Durante l\u2019incontro, i ragazzi della Scuola Media hanno ragionato sul significato della libert\u00e0 all\u2019interno della cornice storica degli ultimi anni della Seconda Guerra Mondiale. Dopodich\u00e9, hanno lavorato sulla comprensione e sul significato dell\u2019Inno di Mameli nella sua versione integrale, a commemorazione della forte impronta storico-patriottica del canto nazionale. Con i ragazzi del Liceo, invece, si \u00e8 svolto un incontro in cui si sono affrontate tematiche riguardanti il tessuto storico-sociale dell\u2019epoca e il significato profondo che la data del 25 aprile riveste per gli italiani. Infine, gli studenti hanno approfondito la riflessione sui valori che questa data rappresenta, anche in chiave contemporanea.<\/p>\n<p style=\"text-align: justify;\"><span style=\"text-decoration: underline;\"><strong>Conferenza a cura del Dott. Pablo Sigismondi<\/strong><\/span><\/p>\n<p style=\"text-align: justify;\">La Scuola Paritaria Dante Alighieri, nel rispetto del suo pilastro formativo mirante alla formazione di cittadini del mondo, ha ricevuto il Dott. Pablo Sigismondi, geografo, fotografo ed esploratore cordobese; il quale ha tenuto una conferenza per gli studenti del Liceo Linguistico dell\u2019Istituto e a cui hanno partecipato anche gli studenti della Scuola Bilingue Biculturale Castelfranco.<\/p>\n<p style=\"text-align: justify;\">Sigismondi, avendo avuto l\u2019occasione di percorrere e conoscere sessantadue paesi, si \u00e8 immerso nelle culture, problematiche e spirito degli abitanti, mosso dall\u2019interesse verso le proprie radici in quanto discendente da famiglie siriane e italiane.<\/p>\n<p style=\"text-align: justify;\">Dopo essersi formato in Ingegneria Civile, ha compiuto gli studi in geografia presso l\u2019Instituto Sim\u00f3n Bolivar di C\u00f3rdoba, e si \u00e8 specializzato ulteriormente all\u2019estero. Ha pubblicato articoli e curato mostre fotografiche per giornali e riviste. Tiene inoltre numerosi laboratori e conferenze.<\/p>\n<p style=\"text-align: justify;\">I suoi molteplici viaggi e fotografie lo rendono un testimone dei modi di vita delle culture e dei popoli che ha conosciuto. I suoi lavori riguardano le problematiche sociali e geopolitiche del XXI secolo, il che ha permesso di affrontare e analizzare i conflitti contemporanei.<\/p>\n<p style=\"text-align: justify;\">I suoi viaggi in Paesi come Irak, Palestina o Siria, gli hanno permesso di vivere in prima persona le realt\u00e0 in cui erano avvolti i loro abitanti.<\/p>\n<p style=\"text-align: justify;\">La sua vastissima esperienza ed apertura culturale rappresentano dunque un\u2019esperienza di notevole ricchezza per i nostri studenti, che riescono cos\u00ec ad avvicinarsi alla realt\u00e0 geopolitica odierna grazie a fonti primarie che gli consentono di comprendere in modo approfondito i conflitti politici, sociali ed economici che sottostanno alle dinamiche culturali in Stati come Siria.<\/p>\n<p style=\"text-align: justify;\"><strong>Ufficio Scuole del Consolato Generale d&#8217;Italia a C\u00f3rdoba:<\/strong> <a href=\"mailto:scuole.cordoba@esteri.it\">scuole.cordoba@esteri.it<\/a><\/p>\n<p style=\"text-align: justify;\"><strong>Scuola Dante Alighieri:<\/strong> <a href=\"http:\/\/www.escueladantecordoba.edu.ar\">www.escueladantecordoba.edu.ar<\/a>\u00a0<a href=\"mailto:info@escueladantecordoba.edu.ar\">info@escueladantecordoba.edu.ar<\/a><\/p>\n<p style=\"text-align: justify;\">\u00a0<\/p>\n","protected":false},"excerpt":{"rendered":"Scuola Paritaria Dante Alighieri: un sacco di attivit\u00e0! Cerimonia in commemorazione del 25 Aprile: Anniversario della liberazione d&#8217;Italia Il 25 aprile \u00e8 stato ricordato a scuola con un interessante dibattito, dopo una settimana di lavori ed approfondimenti in classe. Durante l\u2019incontro, i ragazzi della Scuola Media hanno ragionato sul significato della libert\u00e0 all\u2019interno della cornice [&hellip;]","protected":false},"author":1,"featured_media":0,"comment_status":"","ping_status":"","sticky":false,"template":"","format":"standard","meta":{"footnotes":""},"tags":[],"class_list":["post-1442","post","type-post","status-publish","format-standard","hentry"],"_links":{"self":[{"href":"https:\/\/conscordoba.esteri.it\/it\/wp-json\/wp\/v2\/posts\/1442","targetHints":{"allow":["GET"]}}],"collection":[{"href":"https:\/\/conscordoba.esteri.it\/it\/wp-json\/wp\/v2\/posts"}],"about":[{"href":"https:\/\/conscordoba.esteri.it\/it\/wp-json\/wp\/v2\/types\/post"}],"author":[{"embeddable":true,"href":"https:\/\/conscordoba.esteri.it\/it\/wp-json\/wp\/v2\/users\/1"}],"replies":[{"embeddable":true,"href":"https:\/\/conscordoba.esteri.it\/it\/wp-json\/wp\/v2\/comments?post=1442"}],"version-history":[{"count":0,"href":"https:\/\/conscordoba.esteri.it\/it\/wp-json\/wp\/v2\/posts\/1442\/revisions"}],"wp:attachment":[{"href":"https:\/\/conscordoba.esteri.it\/it\/wp-json\/wp\/v2\/media?parent=1442"}],"wp:term":[{"taxonomy":"post_tag","embeddable":true,"href":"https:\/\/conscordoba.esteri.it\/it\/wp-json\/wp\/v2\/tags?post=1442"}],"curies":[{"name":"wp","href":"https:\/\/api.w.org\/{rel}","templated":true}]}}