{"id":1522,"date":"2017-10-17T15:50:04","date_gmt":"2017-10-17T13:50:04","guid":{"rendered":"https:\/\/conscordoba.esteri.it\/news\/dal_consolato\/2017\/10\/25-ottobre-2017-presentazione-ufficiale\/"},"modified":"2017-10-17T15:50:04","modified_gmt":"2017-10-17T13:50:04","slug":"25-ottobre-2017-presentazione-ufficiale","status":"publish","type":"post","link":"https:\/\/conscordoba.esteri.it\/it\/news\/dal_consolato\/2017\/10\/25-ottobre-2017-presentazione-ufficiale\/","title":{"rendered":"25 ottobre 2017 &#8211; Presentazione Ufficiale della Terza Edizione del Festival della Musica Italiana di La Plata"},"content":{"rendered":"<table style=\"height: 39px; width: 672px;\" border=\"0\">\n<tbody>\n<tr>\n<td style=\"text-align: center;\">\n<p><span style=\"text-decoration: underline;\"><strong>25 ottobre 2017 <\/strong><\/span><\/p>\n<p><span style=\"text-decoration: underline;\"><strong>Festival della Musica Italiana di La Plata<\/strong><\/span><\/p>\n<p><span style=\"text-decoration: underline;\"><strong>Terza Edizione<\/strong><\/span><\/p>\n<\/td>\n<\/tr>\n<\/tbody>\n<\/table>\n<p style=\"text-align: justify;\">Si informa che il prossimo 25 ottobre alle ore 12.00 presso il Salon Blanco del Palazzo Municipale di La Plata (calle 12 entre 51 y 53) si terr\u00e0 la presentazione ufficiale della terza edizione del Festival de la Musica Italiana de La Plata.<\/p>\n<p style=\"text-align: justify;\">L\u2019evento vedr\u00e0 la partecipazione del Coordinatore del CPTCIA, Nicol\u00e0s Moretti, del Sindaco di La Plata, Julio Garro, e del Console Generale d\u2019Italia in La Plata, Iacopo Foti e di altre autorit\u00e0 municipali e provinciali.<\/p>\n<p style=\"text-align: justify;\">Il Festival, la cui finale si terr\u00e0 nel prestigioso Teatro Municipal \u201cColiseo Podest\u00e1\u201d il prossimo 25 novembre, mira a valorizzare la musica e la canzone italiana ed a scoprire nuovi talenti musicali in una citt\u00e0 che, sin dalla sua fondazione, \u00e8 stata caratterizzata da una forte immigrazione italiana che ancora oggi \u00e8 protagonista della vita sociale, culturale ed economica della citt\u00e0.<\/p>\n<p style=\"text-align: justify;\">L\u2019iniziativa desidera generare un vero ponte culturale e musicale tra l\u2019Italia e l\u2019Argentina incentivando il turismo verso la capitale della Provincia di Buenos Aires e promuovere la citt\u00e0 di La Plata in ambito regionale, nazionale ed internazionale. Una citt\u00e0 che, per mezzo della Legge Provinciale 14.833\/2016 \u00e8 stata dichiarata \u201cCapitale del Immigrante Italiano\u201d e che vanta una storia di emigrazione ed un patrimonio culturale ad essa legato unici.<\/p>\n<p style=\"text-align: justify;\">Bravi!<\/p>\n","protected":false},"excerpt":{"rendered":"25 ottobre 2017 Festival della Musica Italiana di La Plata Terza Edizione Si informa che il prossimo 25 ottobre alle ore 12.00 presso il Salon Blanco del Palazzo Municipale di La Plata (calle 12 entre 51 y 53) si terr\u00e0 la presentazione ufficiale della terza edizione del Festival de la Musica Italiana de La Plata. [&hellip;]","protected":false},"author":1,"featured_media":0,"comment_status":"","ping_status":"","sticky":false,"template":"","format":"standard","meta":{"footnotes":""},"tags":[],"class_list":["post-1522","post","type-post","status-publish","format-standard","hentry"],"_links":{"self":[{"href":"https:\/\/conscordoba.esteri.it\/it\/wp-json\/wp\/v2\/posts\/1522","targetHints":{"allow":["GET"]}}],"collection":[{"href":"https:\/\/conscordoba.esteri.it\/it\/wp-json\/wp\/v2\/posts"}],"about":[{"href":"https:\/\/conscordoba.esteri.it\/it\/wp-json\/wp\/v2\/types\/post"}],"author":[{"embeddable":true,"href":"https:\/\/conscordoba.esteri.it\/it\/wp-json\/wp\/v2\/users\/1"}],"replies":[{"embeddable":true,"href":"https:\/\/conscordoba.esteri.it\/it\/wp-json\/wp\/v2\/comments?post=1522"}],"version-history":[{"count":0,"href":"https:\/\/conscordoba.esteri.it\/it\/wp-json\/wp\/v2\/posts\/1522\/revisions"}],"wp:attachment":[{"href":"https:\/\/conscordoba.esteri.it\/it\/wp-json\/wp\/v2\/media?parent=1522"}],"wp:term":[{"taxonomy":"post_tag","embeddable":true,"href":"https:\/\/conscordoba.esteri.it\/it\/wp-json\/wp\/v2\/tags?post=1522"}],"curies":[{"name":"wp","href":"https:\/\/api.w.org\/{rel}","templated":true}]}}