{"id":1540,"date":"2017-08-21T14:26:47","date_gmt":"2017-08-21T12:26:47","guid":{"rendered":"https:\/\/conscordoba.esteri.it\/news\/dal_consolato\/2017\/08\/visita-dell-onorevole-ministro\/"},"modified":"2017-08-21T14:26:47","modified_gmt":"2017-08-21T12:26:47","slug":"visita-dell-onorevole-ministro","status":"publish","type":"post","link":"https:\/\/conscordoba.esteri.it\/it\/news\/dal_consolato\/2017\/08\/visita-dell-onorevole-ministro\/","title":{"rendered":"Visita dell&#8217;Onorevole Ministro degli Affari Esteri e della Cooperazione Internazionale a Barcellona"},"content":{"rendered":"<p style=\"text-align: justify;\"><span style=\"text-decoration: underline;\"><strong>Alfano a Barcellona: &#8220;I terroristi attaccano la nostra libert\u00e0&#8221;.<\/strong><\/span><\/p>\n<p style=\"text-align: justify;\">Il ministro degli Affari Esteri e della Cooperazione Internazionale, Angelino Alfano, al suo arrivo a Barcellona e&#8217; stato accolto, in aereoporto, dal ministro degli Esteri spagnolo, Alfonso Maria Dastis Quecedo. Alfano ha abbracciato il suo omologo, esprimendo la sua profonda commozione e il cordoglio dell&#8217;Italia, Paese da sempre amico fraterno della Spagna.<br \/>&#8220;I terroristi &#8211; ha affermato Alfano &#8211; attaccano il nostro bene pi\u00f9 grande che \u00e8 la nostra libert\u00e0 e noi dobbiamo difenderla con fierezza e orgoglio. Per difenderla e&#8217; necessaria una risposta coordinata che metta insieme una strategia di intelligence, una strategia militare, una strategia culturale e il rafforzamento di tutte le norme che in tutti i Paesi contrastano il terrorismo&#8221;. I due ministri si sono poi appartati per un colloquio approfondito sugli ultimi dolorosi eventi.<\/p>\n<p style=\"text-align: justify;\">Articolo originale sul sito ufficiale della Farnesina: <a href=\"http:\/\/www.esteri.it\/mae\/it\/sala_stampa\/archivionotizie\/comunicati\/alfano-a-barcellona-i-terroristi.html\">http:\/\/www.esteri.it\/mae\/it\/sala_stampa\/archivionotizie\/comunicati\/alfano-a-barcellona-i-terroristi.html<\/a><\/p>\n<p style=\"text-align: justify;\">\u00a0<\/p>\n","protected":false},"excerpt":{"rendered":"Alfano a Barcellona: &#8220;I terroristi attaccano la nostra libert\u00e0&#8221;. Il ministro degli Affari Esteri e della Cooperazione Internazionale, Angelino Alfano, al suo arrivo a Barcellona e&#8217; stato accolto, in aereoporto, dal ministro degli Esteri spagnolo, Alfonso Maria Dastis Quecedo. Alfano ha abbracciato il suo omologo, esprimendo la sua profonda commozione e il cordoglio dell&#8217;Italia, Paese [&hellip;]","protected":false},"author":1,"featured_media":0,"comment_status":"","ping_status":"","sticky":false,"template":"","format":"standard","meta":{"footnotes":""},"tags":[],"class_list":["post-1540","post","type-post","status-publish","format-standard","hentry"],"_links":{"self":[{"href":"https:\/\/conscordoba.esteri.it\/it\/wp-json\/wp\/v2\/posts\/1540","targetHints":{"allow":["GET"]}}],"collection":[{"href":"https:\/\/conscordoba.esteri.it\/it\/wp-json\/wp\/v2\/posts"}],"about":[{"href":"https:\/\/conscordoba.esteri.it\/it\/wp-json\/wp\/v2\/types\/post"}],"author":[{"embeddable":true,"href":"https:\/\/conscordoba.esteri.it\/it\/wp-json\/wp\/v2\/users\/1"}],"replies":[{"embeddable":true,"href":"https:\/\/conscordoba.esteri.it\/it\/wp-json\/wp\/v2\/comments?post=1540"}],"version-history":[{"count":0,"href":"https:\/\/conscordoba.esteri.it\/it\/wp-json\/wp\/v2\/posts\/1540\/revisions"}],"wp:attachment":[{"href":"https:\/\/conscordoba.esteri.it\/it\/wp-json\/wp\/v2\/media?parent=1540"}],"wp:term":[{"taxonomy":"post_tag","embeddable":true,"href":"https:\/\/conscordoba.esteri.it\/it\/wp-json\/wp\/v2\/tags?post=1540"}],"curies":[{"name":"wp","href":"https:\/\/api.w.org\/{rel}","templated":true}]}}