{"id":1541,"date":"2017-08-11T16:51:33","date_gmt":"2017-08-11T14:51:33","guid":{"rendered":"https:\/\/conscordoba.esteri.it\/news\/dal_consolato\/2017\/08\/ufficio-scolastico-progetti-educativi\/"},"modified":"2017-08-11T16:51:33","modified_gmt":"2017-08-11T14:51:33","slug":"ufficio-scolastico-progetti-educativi","status":"publish","type":"post","link":"https:\/\/conscordoba.esteri.it\/it\/news\/dal_consolato\/2017\/08\/ufficio-scolastico-progetti-educativi\/","title":{"rendered":"UFFICIO SCOLASTICO: Progetti educativi nella circoscrizione del Viceconsolato Onorario di Santiago del Estero"},"content":{"rendered":"<p style=\"text-align: center;\"><span style=\"text-decoration: underline;\"><strong>UFFICIO SCOLASTICO<\/strong><\/span><\/p>\n<p style=\"text-align: center;\"><span style=\"text-decoration: underline;\"><strong>ARTICOLO TRATTO DAL GIORNALE &#8220;EL LIBERAL&#8221; DI SANTIAGO DEL ESTERO<\/strong><\/span><\/p>\n<p style=\"text-align: justify;\">\u00a0<\/p>\n<p style=\"text-align: justify;\"><strong>El Viceconsulado de Italia consolid\u00f3 proyectos educativos.<\/strong><\/p>\n<p style=\"text-align: justify;\"><strong>Durante la cena de aniversario de la Rep\u00fablica de Italia se entregaron las becas a estudiantes de la Escuela Normal, de Santiago.<\/strong><\/p>\n<p style=\"text-align: justify;\"><strong><img loading=\"lazy\" decoding=\"async\" src=\"resource\/img\/2017\/08\/715x402_lib100817-014f02.jpg\" alt=\"715x402 lib100817 014f02\" width=\"584\" height=\"328\" \/><\/strong><\/p>\n<p style=\"text-align: justify;\"><strong>INTENSO TRABAJO.<\/strong> Alessandra Sistopaoli y Luis Bellomo contaron los logros y proyectos en la provincia.<\/p>\n<p style=\"text-align: justify;\">10\/08\/2017.<\/p>\n<p style=\"text-align: justify;\">Con la presencia en nuestra ciudad de la responsable de escuelas consulares de la embajada de la Rep\u00fablica de Italia, Alessandra Sistopaoli, el Viceconsulado de esa Naci\u00f3n en Santiago del Estero mantuvo contactos con el rector y decanos de la Ucse para llevar adelante importantes convenios destinados a la ense\u00f1anza del idioma y la cultura italiana en esta provincia.<\/p>\n<p style=\"text-align: justify;\">Adem\u00e1s, la diplom\u00e1tica particip\u00f3 de la cena de gala por el aniversario de la Rep\u00fablica de Italia que se realiz\u00f3 el s\u00e1bado \u00faltimo, oportunidad en la que se entregaron las primeras becas a estudiantes de la Escuela Normal &#8220;Manuel Belgrano&#8221; quienes podr\u00e1n continuar con sus estudios del idioma y la cultura italiana en ese pa\u00eds.<\/p>\n<p style=\"text-align: justify;\">El vicec\u00f3nsul italiano en Santiago, Luis Bellomo, destac\u00f3 la presencia de la representante de la embajada, quien durante esta semana cumpli\u00f3 con una visita consular por el norte del pa\u00eds, y las gestiones realizadas en conjunto.<\/p>\n<p style=\"text-align: justify;\">&#8220;La beca entregada a los estudiantes de la Escuela Normal consiste en los pasajes ida y vuelta a Italia y los cursos propiamente dichos por cuatro semanas&#8221;, coment\u00f3.<\/p>\n<p style=\"text-align: justify;\">Respecto de la visita de Sistopaoli, dijo que se concret\u00f3 con la Universidad Cat\u00f3lica de Santiago del Estero &#8220;la continuidad de los cursos de lengua e historia italianos que se dictan desde el a\u00f1o pasado, y del proyecto coordinado por la Ucse y el Ministerio de Educaci\u00f3n de la provincia, para que los docentes participen de un curso de lengua italiana&#8221;.<\/p>\n<p style=\"text-align: justify;\">Adem\u00e1s, adelant\u00f3 que se pedir\u00e1 a la provincia &#8220;el otorgamiento de puntaje a los docentes&#8221;, para lo cual &#8220;el brazo ejecutor ser\u00e1 la Ucse, atento a un convenio que se firmo entre el viceconsulado&#8221; y la casa de altos estudios.<\/p>\n<p style=\"text-align: justify;\">&#8220;Alessandra viene a garantizar que se va a seguir trabajando por esa misma l\u00ednea y ver hasta ahora que es lo que ser ha ido haciendo&#8221;, ampli\u00f3.<\/p>\n<p style=\"text-align: justify;\">Creaci\u00f3n de carreras<\/p>\n<p style=\"text-align: justify;\">Dijo que otro de los puntos analizados fue &#8220;la creaci\u00f3n de una carrera universitaria de lengua y cultura italianas, para la formaci\u00f3n de docentes futuros que a su vez puedan extender su campo de acci\u00f3n a las escuelas biling\u00fces o biculturales que se puedan crear en Santiago o en el norte&#8221;.<\/p>\n<p style=\"text-align: justify;\">&#8220;En Santiago tenemos un jard\u00edn de infantes que se cre\u00f3 en la Casa de Italia, estamos esperanzados en que las autoridades de ese jard\u00edn sigan con el proceso de primaria&#8221;, coment\u00f3.<\/p>\n<p style=\"text-align: justify;\">Alessandra precis\u00f3 que con el rector de la Ucse se plane\u00f3 &#8220;comenzar una especie de convenio para un intercambio de estudiantes para poder lograr la validaci\u00f3n del titulo en los dos pa\u00edses, lo que seria muy importante, tal como se hace en C\u00f3rdoba y Buenos Aires, y creo que en Santiago est\u00e1n dadas las condiciones para seguir&#8221;.<\/p>\n<p style=\"text-align: justify;\">&#8220;Para el trabajo de los j\u00f3venes que se podr\u00edan ocupar de la ense\u00f1anza del italiano, el Ministerio de Asuntos Exteriores va a ofrecer cursos de formaci\u00f3n para que as\u00ed est\u00e9n al d\u00eda con la ense\u00f1anza del italiano, no solo del idioma sino tambi\u00e9n de la cultura&#8221;, cont\u00f3.<\/p>\n<p style=\"text-align: justify;\">Sobre las becas otorgadas a estudiantes secundarios, dijo que anhela que &#8220;sean las primeras de una larga serie&#8221;, para las que &#8220;el Ministerio puede contribuir&#8221;.<\/p>\n","protected":false},"excerpt":{"rendered":"UFFICIO SCOLASTICO ARTICOLO TRATTO DAL GIORNALE &#8220;EL LIBERAL&#8221; DI SANTIAGO DEL ESTERO \u00a0 El Viceconsulado de Italia consolid\u00f3 proyectos educativos. Durante la cena de aniversario de la Rep\u00fablica de Italia se entregaron las becas a estudiantes de la Escuela Normal, de Santiago. INTENSO TRABAJO. Alessandra Sistopaoli y Luis Bellomo contaron los logros y proyectos en [&hellip;]","protected":false},"author":1,"featured_media":0,"comment_status":"","ping_status":"","sticky":false,"template":"","format":"standard","meta":{"footnotes":""},"tags":[],"class_list":["post-1541","post","type-post","status-publish","format-standard","hentry"],"_links":{"self":[{"href":"https:\/\/conscordoba.esteri.it\/it\/wp-json\/wp\/v2\/posts\/1541","targetHints":{"allow":["GET"]}}],"collection":[{"href":"https:\/\/conscordoba.esteri.it\/it\/wp-json\/wp\/v2\/posts"}],"about":[{"href":"https:\/\/conscordoba.esteri.it\/it\/wp-json\/wp\/v2\/types\/post"}],"author":[{"embeddable":true,"href":"https:\/\/conscordoba.esteri.it\/it\/wp-json\/wp\/v2\/users\/1"}],"replies":[{"embeddable":true,"href":"https:\/\/conscordoba.esteri.it\/it\/wp-json\/wp\/v2\/comments?post=1541"}],"version-history":[{"count":0,"href":"https:\/\/conscordoba.esteri.it\/it\/wp-json\/wp\/v2\/posts\/1541\/revisions"}],"wp:attachment":[{"href":"https:\/\/conscordoba.esteri.it\/it\/wp-json\/wp\/v2\/media?parent=1541"}],"wp:term":[{"taxonomy":"post_tag","embeddable":true,"href":"https:\/\/conscordoba.esteri.it\/it\/wp-json\/wp\/v2\/tags?post=1541"}],"curies":[{"name":"wp","href":"https:\/\/api.w.org\/{rel}","templated":true}]}}