{"id":1549,"date":"2017-06-09T19:46:29","date_gmt":"2017-06-09T17:46:29","guid":{"rendered":"https:\/\/conscordoba.esteri.it\/news\/dal_consolato\/2017\/06\/consegna-della-bandiera-italiana\/"},"modified":"2017-06-09T19:46:29","modified_gmt":"2017-06-09T17:46:29","slug":"consegna-della-bandiera-italiana","status":"publish","type":"post","link":"https:\/\/conscordoba.esteri.it\/it\/news\/dal_consolato\/2017\/06\/consegna-della-bandiera-italiana\/","title":{"rendered":"Consegna della bandiera italiana all\u2019IPEM 196"},"content":{"rendered":"<p style=\"text-align: center;\"><span style=\"text-decoration: underline;\"><strong>Consegna della bandiera italiana all\u2019IPEM 196<\/strong><\/span><\/p>\n<p>\u00a0<\/p>\n<p>C\u00f3rdoba, li 8 giugno 2017.<\/p>\n<p style=\"text-align: justify;\">\u00a0<\/p>\n<p style=\"text-align: justify;\">Con piacere si comunica che ieri 7 giugno 2017, \u00e8 stata consegnata la bandiera italiana all\u2019IPEM 196, scuola appartenente alla convenzione con la Provincia di C\u00f3rdoba per l\u2019insegnamento della lingua italiana.<\/p>\n<p style=\"text-align: justify;\">La bandiera \u00e8 stata gentilmente donata dalla F.A.I.C. (Federaci\u00f3n Asociaciones Italianas Circunscripci\u00f3n Consular C\u00f3rdoba).<\/p>\n<p style=\"text-align: justify;\">Il progetto prevede la consegna di una bandiera a tutte le Scuole aderenti alla convenzione che, si ricorda, sono scuole statali argentine, con l\u2019obiettivo di continuare e potenziare la collaborazione con il nostro Paese per la diffusione della lingua e della cultura italiana.<\/p>\n<p style=\"text-align: right;\">\u00a0<\/p>\n<p style=\"text-align: right;\">Alessandra Sistopaoli<\/p>\n<p style=\"text-align: right;\">Dirigente Ufficio Scuole<\/p>\n<p style=\"text-align: right;\">\u00a0<\/p>\n<p style=\"text-align: right;\"><img loading=\"lazy\" decoding=\"async\" src=\"resource\/img\/2017\/06\/11111.jpg\" alt=\"11111\" width=\"713\" height=\"427\" \/><\/p>\n<p style=\"text-align: center;\">Da sinistra: Pr\u00f3spero Sapone, in rappresentanza della FAIC, due alunne dell\u2019IPEM 196 (Agustina P\u00e1ez e Candelaria Zabala), la prof.ssa Patricia Min\u00e8, la prof. Silvia Micheli e la prof. Claudia Bustamante, ex alunna dell\u2019IPEM e ora docente di italiano presso lo stesso istituto.<\/p>\n<p><img loading=\"lazy\" decoding=\"async\" src=\"resource\/img\/2017\/06\/2222.jpg\" alt=\"2222\" width=\"737\" height=\"440\" \/><\/p>\n<p style=\"text-align: center;\">Da sinistra: le prof.sse Patricia Min\u00e9, Viviana Fern\u00e1ndez, vicepreside, Pr\u00f3spero Sapone, Alessandra Sistopaoli, la prof.ssa Claudia Bustamante, la preside Viviana Fossatti e la prof.ssa Silvia Micheli.<\/p>\n","protected":false},"excerpt":{"rendered":"Consegna della bandiera italiana all\u2019IPEM 196 \u00a0 C\u00f3rdoba, li 8 giugno 2017. \u00a0 Con piacere si comunica che ieri 7 giugno 2017, \u00e8 stata consegnata la bandiera italiana all\u2019IPEM 196, scuola appartenente alla convenzione con la Provincia di C\u00f3rdoba per l\u2019insegnamento della lingua italiana. La bandiera \u00e8 stata gentilmente donata dalla F.A.I.C. (Federaci\u00f3n Asociaciones Italianas [&hellip;]","protected":false},"author":1,"featured_media":0,"comment_status":"","ping_status":"","sticky":false,"template":"","format":"standard","meta":{"footnotes":""},"tags":[],"class_list":["post-1549","post","type-post","status-publish","format-standard","hentry"],"_links":{"self":[{"href":"https:\/\/conscordoba.esteri.it\/it\/wp-json\/wp\/v2\/posts\/1549","targetHints":{"allow":["GET"]}}],"collection":[{"href":"https:\/\/conscordoba.esteri.it\/it\/wp-json\/wp\/v2\/posts"}],"about":[{"href":"https:\/\/conscordoba.esteri.it\/it\/wp-json\/wp\/v2\/types\/post"}],"author":[{"embeddable":true,"href":"https:\/\/conscordoba.esteri.it\/it\/wp-json\/wp\/v2\/users\/1"}],"replies":[{"embeddable":true,"href":"https:\/\/conscordoba.esteri.it\/it\/wp-json\/wp\/v2\/comments?post=1549"}],"version-history":[{"count":0,"href":"https:\/\/conscordoba.esteri.it\/it\/wp-json\/wp\/v2\/posts\/1549\/revisions"}],"wp:attachment":[{"href":"https:\/\/conscordoba.esteri.it\/it\/wp-json\/wp\/v2\/media?parent=1549"}],"wp:term":[{"taxonomy":"post_tag","embeddable":true,"href":"https:\/\/conscordoba.esteri.it\/it\/wp-json\/wp\/v2\/tags?post=1549"}],"curies":[{"name":"wp","href":"https:\/\/api.w.org\/{rel}","templated":true}]}}