{"id":1552,"date":"2017-05-31T17:10:57","date_gmt":"2017-05-31T15:10:57","guid":{"rendered":"https:\/\/conscordoba.esteri.it\/news\/dal_consolato\/2017\/05\/festival-della-canzone-italiana\/"},"modified":"2017-05-31T17:10:57","modified_gmt":"2017-05-31T15:10:57","slug":"festival-della-canzone-italiana","status":"publish","type":"post","link":"https:\/\/conscordoba.esteri.it\/it\/news\/dal_consolato\/2017\/05\/festival-della-canzone-italiana\/","title":{"rendered":"Festival della Musica Italiana di La Plata"},"content":{"rendered":"<p style=\"text-align: justify;\">Abierta la inscripci\u00f3n a las audiciones del Festival de La M\u00fasica Italiana de La Plata<\/p>\n<p style=\"text-align: justify;\">Por Prensa-CPTCIA<\/p>\n<p style=\"text-align: justify;\">Iniciaron oficialmente las inscripciones para las audiciones del III Festival de la M\u00fasica Italiana de La Plata, abiertas hasta el 13 de Junio. La convocatoria permite la participaci\u00f3n de candidatos profesionales y emergentes de todo el pa\u00eds para esta tercera edici\u00f3n del Festival que ya es tradici\u00f3n en la ciudad.<br \/>La primera audici\u00f3n se llevar\u00e1 a cabo el 17 de Junio y la segunda el 19 de Agosto, en el sal\u00f3n Polivalente del Pasaje Dardo Rocha de la ciudad de La Plata. La semifinal se realizar\u00e1 el 24 de Noviembre en el Auditorio del Pasaje Dardo Rocha y la final el 25 de Noviembre en el Teatro Coliseo Podest\u00e1 de la misma ciudad. El III Festival de la M\u00fasica Italiana es el resultado del \u00e9xito obtenido en las primeras convocatorias realizadas en 2015 y 2016 y est\u00e1 dirigido a todos los artistas que deseen cantar temas editados y\/o in\u00e9ditos de origen italiano. En la primera instancia de participaci\u00f3n a trav\u00e9s de audiciones de selecci\u00f3n de los talentos se podr\u00e1 cantar en idioma Italiano y\/o Espa\u00f1ol. En la segunda instancia se garantizar\u00e1 a los artistas el apoyo vocal fon\u00e9tico de un profesional y docente de italiano, en caso de ser necesario.<br \/>\u00danico en Argentina y Sudam\u00e9rica:<br \/>El ganador del primer premio viajar\u00e1 a Italia a Cantar en el Teatro Torlonia de Roma como estrella del espect\u00e1culo y los primeros 6 finalistas ser\u00e1n invitados a participar en los shows itinerantes Italia Argentina Canta In Festival que se desarrollar\u00e1n en el pa\u00eds y en Italia.<\/p>\n<p style=\"text-align: justify;\">La organizaci\u00f3n:<br \/>La direcci\u00f3n de la organizaci\u00f3n est\u00e1 a cargo de la Agencia de Coordinaci\u00f3n Territorial Italia Argentina\u2013ACTIA. En esta III Edici\u00f3n 2017, busca llevar a la comunidad el proceso de culturalizaci\u00f3n de la italianidad a trav\u00e9s del canto de las nuevas generaciones y promover un puente socio-cultural profesional con los talentos vocales en un verdadero evento \u00e9pico de la italianidad.<\/p>\n<p style=\"text-align: justify;\">Inscripci\u00f3n:<\/p>\n<p style=\"text-align: justify;\">A trav\u00e9s de Internet ingresando a www.festivaldelamusicaitaliana.com secci\u00f3n inscripci\u00f3n; por mail a info@festivaldelamusicaitaliana.com o personalmente en la sede de la Asociaci\u00f3n Pugliese de La Plata ubicada en Calle 62 nro. 238 (entre 115 y 116), La Plata, Provincia de Buenos Aires, Argentina.<\/p>\n<p style=\"text-align: justify;\">Horario de atenci\u00f3n: Lunes a Viernes de 16:00 a 19:00 hs. Tel\u00e9fonos (0221) 4218982\/ (0221) 4247777. Ingresa a nuestra p\u00e1gina Festival M\u00fasica Italiana en Facebook y segu\u00ed todas las novedades del Festival Italo-Argentino m\u00e1s importante de Sudam\u00e9rica.<\/p>\n","protected":false},"excerpt":{"rendered":"Abierta la inscripci\u00f3n a las audiciones del Festival de La M\u00fasica Italiana de La Plata Por Prensa-CPTCIA Iniciaron oficialmente las inscripciones para las audiciones del III Festival de la M\u00fasica Italiana de La Plata, abiertas hasta el 13 de Junio. La convocatoria permite la participaci\u00f3n de candidatos profesionales y emergentes de todo el pa\u00eds para [&hellip;]","protected":false},"author":1,"featured_media":0,"comment_status":"","ping_status":"","sticky":false,"template":"","format":"standard","meta":{"footnotes":""},"tags":[],"class_list":["post-1552","post","type-post","status-publish","format-standard","hentry"],"_links":{"self":[{"href":"https:\/\/conscordoba.esteri.it\/it\/wp-json\/wp\/v2\/posts\/1552","targetHints":{"allow":["GET"]}}],"collection":[{"href":"https:\/\/conscordoba.esteri.it\/it\/wp-json\/wp\/v2\/posts"}],"about":[{"href":"https:\/\/conscordoba.esteri.it\/it\/wp-json\/wp\/v2\/types\/post"}],"author":[{"embeddable":true,"href":"https:\/\/conscordoba.esteri.it\/it\/wp-json\/wp\/v2\/users\/1"}],"replies":[{"embeddable":true,"href":"https:\/\/conscordoba.esteri.it\/it\/wp-json\/wp\/v2\/comments?post=1552"}],"version-history":[{"count":0,"href":"https:\/\/conscordoba.esteri.it\/it\/wp-json\/wp\/v2\/posts\/1552\/revisions"}],"wp:attachment":[{"href":"https:\/\/conscordoba.esteri.it\/it\/wp-json\/wp\/v2\/media?parent=1552"}],"wp:term":[{"taxonomy":"post_tag","embeddable":true,"href":"https:\/\/conscordoba.esteri.it\/it\/wp-json\/wp\/v2\/tags?post=1552"}],"curies":[{"name":"wp","href":"https:\/\/api.w.org\/{rel}","templated":true}]}}