{"id":1559,"date":"2017-04-27T18:27:40","date_gmt":"2017-04-27T16:27:40","guid":{"rendered":"https:\/\/conscordoba.esteri.it\/news\/dal_consolato\/2017\/04\/chiusura-del-consolato-nella-giornata\/"},"modified":"2017-04-27T18:27:40","modified_gmt":"2017-04-27T16:27:40","slug":"chiusura-del-consolato-nella-giornata","status":"publish","type":"post","link":"https:\/\/conscordoba.esteri.it\/it\/news\/dal_consolato\/2017\/04\/chiusura-del-consolato-nella-giornata\/","title":{"rendered":"Chiusura del Consolato nella giornata di luned\u00ec 1 maggio"},"content":{"rendered":"<p>Si informano gli utenti che luned\u00ec 1 maggio questo Consolato Generale sar\u00e0 chiuso in commemorazione della festa dei lavoratori.<\/p>\n","protected":false},"excerpt":{"rendered":"Si informano gli utenti che luned\u00ec 1 maggio questo Consolato Generale sar\u00e0 chiuso in commemorazione della festa dei lavoratori.","protected":false},"author":1,"featured_media":0,"comment_status":"","ping_status":"","sticky":false,"template":"","format":"standard","meta":{"footnotes":""},"tags":[],"class_list":["post-1559","post","type-post","status-publish","format-standard","hentry"],"_links":{"self":[{"href":"https:\/\/conscordoba.esteri.it\/it\/wp-json\/wp\/v2\/posts\/1559","targetHints":{"allow":["GET"]}}],"collection":[{"href":"https:\/\/conscordoba.esteri.it\/it\/wp-json\/wp\/v2\/posts"}],"about":[{"href":"https:\/\/conscordoba.esteri.it\/it\/wp-json\/wp\/v2\/types\/post"}],"author":[{"embeddable":true,"href":"https:\/\/conscordoba.esteri.it\/it\/wp-json\/wp\/v2\/users\/1"}],"replies":[{"embeddable":true,"href":"https:\/\/conscordoba.esteri.it\/it\/wp-json\/wp\/v2\/comments?post=1559"}],"version-history":[{"count":0,"href":"https:\/\/conscordoba.esteri.it\/it\/wp-json\/wp\/v2\/posts\/1559\/revisions"}],"wp:attachment":[{"href":"https:\/\/conscordoba.esteri.it\/it\/wp-json\/wp\/v2\/media?parent=1559"}],"wp:term":[{"taxonomy":"post_tag","embeddable":true,"href":"https:\/\/conscordoba.esteri.it\/it\/wp-json\/wp\/v2\/tags?post=1559"}],"curies":[{"name":"wp","href":"https:\/\/api.w.org\/{rel}","templated":true}]}}