{"id":1584,"date":"2017-02-16T16:57:51","date_gmt":"2017-02-16T15:57:51","guid":{"rendered":"https:\/\/conscordoba.esteri.it\/news\/dal_consolato\/2017\/02\/apertura-al-pubblico-nei-giorni\/"},"modified":"2017-02-16T16:57:51","modified_gmt":"2017-02-16T15:57:51","slug":"apertura-al-pubblico-nei-giorni","status":"publish","type":"post","link":"https:\/\/conscordoba.esteri.it\/it\/news\/dal_consolato\/2017\/02\/apertura-al-pubblico-nei-giorni\/","title":{"rendered":"Apertura al pubblico nei giorni festivi argentini del 27 e 28 febbraio"},"content":{"rendered":"<p><span style=\"text-decoration: underline;\"><strong>Apertura del Consolato Generale nei giorni festivi argentini del 27 e 28 febbraio.<\/strong><\/span><\/p>\n<p>Si informano gli utenti che i giorni luned\u00ec 27 e marted\u00ec 28 febbraio questo Consolato Generale rimarr\u00e0 aperto. <\/p>\n<p>Tutti i turni fissati rimangono pertanto validi, e non potranno in alcun modo essere riprogrammati in altre date.<\/p>\n<p><span style=\"text-decoration: underline;\"><strong>NOTA BENE:<\/strong><\/span> Marted\u00ec 28 febbraio il Consolato ricever\u00e0 soltanto appuntamenti per l&#8217;Ufficio Passaporti, come viene solitamente fatto tutti i marted\u00ec.<\/p>\n<p><img decoding=\"async\" src=\"resource\/img\/2017\/02\/mi-piace-viaggiare-dove-andare-a-carnevale-italia.jpg\" alt=\"mi piace viaggiare dove andare a carnevale italia\" \/><\/p>\n","protected":false},"excerpt":{"rendered":"Apertura del Consolato Generale nei giorni festivi argentini del 27 e 28 febbraio. Si informano gli utenti che i giorni luned\u00ec 27 e marted\u00ec 28 febbraio questo Consolato Generale rimarr\u00e0 aperto. Tutti i turni fissati rimangono pertanto validi, e non potranno in alcun modo essere riprogrammati in altre date. NOTA BENE: Marted\u00ec 28 febbraio il [&hellip;]","protected":false},"author":1,"featured_media":0,"comment_status":"","ping_status":"","sticky":false,"template":"","format":"standard","meta":{"footnotes":""},"tags":[],"class_list":["post-1584","post","type-post","status-publish","format-standard","hentry"],"_links":{"self":[{"href":"https:\/\/conscordoba.esteri.it\/it\/wp-json\/wp\/v2\/posts\/1584","targetHints":{"allow":["GET"]}}],"collection":[{"href":"https:\/\/conscordoba.esteri.it\/it\/wp-json\/wp\/v2\/posts"}],"about":[{"href":"https:\/\/conscordoba.esteri.it\/it\/wp-json\/wp\/v2\/types\/post"}],"author":[{"embeddable":true,"href":"https:\/\/conscordoba.esteri.it\/it\/wp-json\/wp\/v2\/users\/1"}],"replies":[{"embeddable":true,"href":"https:\/\/conscordoba.esteri.it\/it\/wp-json\/wp\/v2\/comments?post=1584"}],"version-history":[{"count":0,"href":"https:\/\/conscordoba.esteri.it\/it\/wp-json\/wp\/v2\/posts\/1584\/revisions"}],"wp:attachment":[{"href":"https:\/\/conscordoba.esteri.it\/it\/wp-json\/wp\/v2\/media?parent=1584"}],"wp:term":[{"taxonomy":"post_tag","embeddable":true,"href":"https:\/\/conscordoba.esteri.it\/it\/wp-json\/wp\/v2\/tags?post=1584"}],"curies":[{"name":"wp","href":"https:\/\/api.w.org\/{rel}","templated":true}]}}