{"id":1600,"date":"2017-01-09T16:37:16","date_gmt":"2017-01-09T15:37:16","guid":{"rendered":"https:\/\/conscordoba.esteri.it\/news\/dal_consolato\/2017\/01\/calendario-festivita-2017\/"},"modified":"2017-01-09T16:37:16","modified_gmt":"2017-01-09T15:37:16","slug":"calendario-festivita-2017","status":"publish","type":"post","link":"https:\/\/conscordoba.esteri.it\/it\/news\/dal_consolato\/2017\/01\/calendario-festivita-2017\/","title":{"rendered":"Calendario delle festivit\u00e0 2022"},"content":{"rendered":"<p style=\"text-align: justify;\">Si elencano di seguito le festivit\u00e0 del 2021 nelle quali il Consolato Generale rimarr\u00e0 chiuso:<\/p>\n<ul>\n<li style=\"text-align: justify;\">01 gennaio &#8211; Capodanno;<\/li>\n<li style=\"text-align: justify;\">15 aprile &#8211; Venerd\u00ec Santo;<\/li>\n<li style=\"text-align: justify;\">18 aprile &#8211; Luned\u00ec dell&#8217;Angelo;<\/li>\n<li style=\"text-align: justify;\">25 aprile &#8211; Festa della Liberazione;<\/li>\n<li style=\"text-align: justify;\">01 maggio &#8211; Festa del Lavoro;<\/li>\n<li style=\"text-align: justify;\">25 maggio &#8211; Proclama della Libert\u00e0 (d\u00eda de la &#8220;Revoluci\u00f3n de Mayo&#8221;);<\/li>\n<li style=\"text-align: justify;\">02 giugno &#8211; Festa della Repubblica;<\/li>\n<li style=\"text-align: justify;\">09 luglio &#8211; Dichiarazione di Indipendenza (&#8220;d\u00eda de la Independencia&#8221;);<\/li>\n<li style=\"text-align: justify;\">10 ottobre &#8211; Giorno del Rispetto della Diversit\u00e0 (&#8220;d\u00eda del Respeto a la Diversidad&#8221;);<\/li>\n<li style=\"text-align: justify;\">25 dicembre &#8211; Natale;<\/li>\n<li style=\"text-align: justify;\">26 dicembre &#8211; Santo Stefano.<\/li>\n<\/ul>\n","protected":false},"excerpt":{"rendered":"Si elencano di seguito le festivit\u00e0 del 2021 nelle quali il Consolato Generale rimarr\u00e0 chiuso: 01 gennaio &#8211; Capodanno; 15 aprile &#8211; Venerd\u00ec Santo; 18 aprile &#8211; Luned\u00ec dell&#8217;Angelo; 25 aprile &#8211; Festa della Liberazione; 01 maggio &#8211; Festa del Lavoro; 25 maggio &#8211; Proclama della Libert\u00e0 (d\u00eda de la &#8220;Revoluci\u00f3n de Mayo&#8221;); 02 giugno [&hellip;]","protected":false},"author":1,"featured_media":0,"comment_status":"","ping_status":"","sticky":false,"template":"","format":"standard","meta":{"footnotes":""},"tags":[],"class_list":["post-1600","post","type-post","status-publish","format-standard","hentry"],"_links":{"self":[{"href":"https:\/\/conscordoba.esteri.it\/it\/wp-json\/wp\/v2\/posts\/1600","targetHints":{"allow":["GET"]}}],"collection":[{"href":"https:\/\/conscordoba.esteri.it\/it\/wp-json\/wp\/v2\/posts"}],"about":[{"href":"https:\/\/conscordoba.esteri.it\/it\/wp-json\/wp\/v2\/types\/post"}],"author":[{"embeddable":true,"href":"https:\/\/conscordoba.esteri.it\/it\/wp-json\/wp\/v2\/users\/1"}],"replies":[{"embeddable":true,"href":"https:\/\/conscordoba.esteri.it\/it\/wp-json\/wp\/v2\/comments?post=1600"}],"version-history":[{"count":0,"href":"https:\/\/conscordoba.esteri.it\/it\/wp-json\/wp\/v2\/posts\/1600\/revisions"}],"wp:attachment":[{"href":"https:\/\/conscordoba.esteri.it\/it\/wp-json\/wp\/v2\/media?parent=1600"}],"wp:term":[{"taxonomy":"post_tag","embeddable":true,"href":"https:\/\/conscordoba.esteri.it\/it\/wp-json\/wp\/v2\/tags?post=1600"}],"curies":[{"name":"wp","href":"https:\/\/api.w.org\/{rel}","templated":true}]}}