{"id":1645,"date":"2016-07-21T13:29:41","date_gmt":"2016-07-21T11:29:41","guid":{"rendered":"https:\/\/conscordoba.esteri.it\/news\/dal_consolato\/2016\/07\/ciclo-di-cinema-europeo-di-cordoba\/"},"modified":"2016-07-21T13:29:41","modified_gmt":"2016-07-21T11:29:41","slug":"ciclo-di-cinema-europeo-di-cordoba","status":"publish","type":"post","link":"https:\/\/conscordoba.esteri.it\/it\/news\/dal_consolato\/2016\/07\/ciclo-di-cinema-europeo-di-cordoba\/","title":{"rendered":"Ciclo di Cinema Europeo di C\u00f3rdoba con la partecipazione del nostro IIC"},"content":{"rendered":"<p>Ciclo di Cinema Europeo della Citt\u00e0 di C\u00f3rdoba.<\/p>\n<p>Per ulteriori informazioni, si pregano gli utenti di contattare l&#8217;Istituto Italiano di Cultura.<\/p>\n<p><img loading=\"lazy\" decoding=\"async\" src=\"resource\/img\/2016\/07\/13690591_614262068754074_8065375682166325631_n.jpg\" alt=\"13690591 614262068754074 8065375682166325631 n\" width=\"591\" height=\"416\" \/><\/p>\n<p><img loading=\"lazy\" decoding=\"async\" src=\"resource\/img\/2016\/07\/13775467_614264485420499_5042054638415665768_n.jpg\" alt=\"13775467 614264485420499 5042054638415665768 n\" width=\"595\" height=\"417\" \/><\/p>\n<p>\u00a0<\/p>\n<p>\u00a0<\/p>\n<p>\u00a0<\/p>\n","protected":false},"excerpt":{"rendered":"Ciclo di Cinema Europeo della Citt\u00e0 di C\u00f3rdoba. Per ulteriori informazioni, si pregano gli utenti di contattare l&#8217;Istituto Italiano di Cultura. \u00a0 \u00a0 \u00a0","protected":false},"author":1,"featured_media":0,"comment_status":"","ping_status":"","sticky":false,"template":"","format":"standard","meta":{"footnotes":""},"tags":[],"class_list":["post-1645","post","type-post","status-publish","format-standard","hentry"],"_links":{"self":[{"href":"https:\/\/conscordoba.esteri.it\/it\/wp-json\/wp\/v2\/posts\/1645","targetHints":{"allow":["GET"]}}],"collection":[{"href":"https:\/\/conscordoba.esteri.it\/it\/wp-json\/wp\/v2\/posts"}],"about":[{"href":"https:\/\/conscordoba.esteri.it\/it\/wp-json\/wp\/v2\/types\/post"}],"author":[{"embeddable":true,"href":"https:\/\/conscordoba.esteri.it\/it\/wp-json\/wp\/v2\/users\/1"}],"replies":[{"embeddable":true,"href":"https:\/\/conscordoba.esteri.it\/it\/wp-json\/wp\/v2\/comments?post=1645"}],"version-history":[{"count":0,"href":"https:\/\/conscordoba.esteri.it\/it\/wp-json\/wp\/v2\/posts\/1645\/revisions"}],"wp:attachment":[{"href":"https:\/\/conscordoba.esteri.it\/it\/wp-json\/wp\/v2\/media?parent=1645"}],"wp:term":[{"taxonomy":"post_tag","embeddable":true,"href":"https:\/\/conscordoba.esteri.it\/it\/wp-json\/wp\/v2\/tags?post=1645"}],"curies":[{"name":"wp","href":"https:\/\/api.w.org\/{rel}","templated":true}]}}