{"id":1655,"date":"2016-07-07T16:51:53","date_gmt":"2016-07-07T14:51:53","guid":{"rendered":"https:\/\/conscordoba.esteri.it\/news\/dal_consolato\/2016\/07\/8-luglio-2016-questo-consolato\/"},"modified":"2016-07-07T16:51:53","modified_gmt":"2016-07-07T14:51:53","slug":"8-luglio-2016-questo-consolato","status":"publish","type":"post","link":"https:\/\/conscordoba.esteri.it\/it\/news\/dal_consolato\/2016\/07\/8-luglio-2016-questo-consolato\/","title":{"rendered":"8 luglio 2016: Questo Consolato Generale sar\u00e0 APERTO."},"content":{"rendered":"<p>Si informano gli utenti che venerd\u00ec 8 luglio 2016 lo scrivente Consolato Generale sar\u00e0 APERTO!<\/p>\n<p>Cogliamo anche l&#8217;occasione per salutare tutti gli argentina in occasione del Bicentenario della Dichiarazione di Indipendenza del Paese! Complimenti alla Repubblica Argentina!<\/p>\n<p>Grazie, la Sede.<\/p>\n<p><img decoding=\"async\" src=\"resource\/img\/2016\/07\/4c35f025c8056-1.jpg\" alt=\"4c35f025c8056 1\" \/><\/p>\n","protected":false},"excerpt":{"rendered":"Si informano gli utenti che venerd\u00ec 8 luglio 2016 lo scrivente Consolato Generale sar\u00e0 APERTO! Cogliamo anche l&#8217;occasione per salutare tutti gli argentina in occasione del Bicentenario della Dichiarazione di Indipendenza del Paese! Complimenti alla Repubblica Argentina! Grazie, la Sede.","protected":false},"author":1,"featured_media":0,"comment_status":"","ping_status":"","sticky":false,"template":"","format":"standard","meta":{"footnotes":""},"tags":[],"class_list":["post-1655","post","type-post","status-publish","format-standard","hentry"],"_links":{"self":[{"href":"https:\/\/conscordoba.esteri.it\/it\/wp-json\/wp\/v2\/posts\/1655","targetHints":{"allow":["GET"]}}],"collection":[{"href":"https:\/\/conscordoba.esteri.it\/it\/wp-json\/wp\/v2\/posts"}],"about":[{"href":"https:\/\/conscordoba.esteri.it\/it\/wp-json\/wp\/v2\/types\/post"}],"author":[{"embeddable":true,"href":"https:\/\/conscordoba.esteri.it\/it\/wp-json\/wp\/v2\/users\/1"}],"replies":[{"embeddable":true,"href":"https:\/\/conscordoba.esteri.it\/it\/wp-json\/wp\/v2\/comments?post=1655"}],"version-history":[{"count":0,"href":"https:\/\/conscordoba.esteri.it\/it\/wp-json\/wp\/v2\/posts\/1655\/revisions"}],"wp:attachment":[{"href":"https:\/\/conscordoba.esteri.it\/it\/wp-json\/wp\/v2\/media?parent=1655"}],"wp:term":[{"taxonomy":"post_tag","embeddable":true,"href":"https:\/\/conscordoba.esteri.it\/it\/wp-json\/wp\/v2\/tags?post=1655"}],"curies":[{"name":"wp","href":"https:\/\/api.w.org\/{rel}","templated":true}]}}