{"id":1689,"date":"2016-05-23T21:21:57","date_gmt":"2016-05-23T19:21:57","guid":{"rendered":"https:\/\/conscordoba.esteri.it\/news\/dal_consolato\/2016\/05\/ciclo-di-cinema-italiano-a-villa\/"},"modified":"2016-05-23T21:21:57","modified_gmt":"2016-05-23T19:21:57","slug":"ciclo-di-cinema-italiano-a-villa","status":"publish","type":"post","link":"https:\/\/conscordoba.esteri.it\/it\/news\/dal_consolato\/2016\/05\/ciclo-di-cinema-italiano-a-villa\/","title":{"rendered":"Ciclo di cinema italiano a Villa Mar\u00eda"},"content":{"rendered":"<p>Ciclo &#8220;Il cinema italiano nelle comunit\u00e0 italo-argentine&#8221;.<\/p>\n<p>Durante tutto il mese di giugno 2016 a Villa Mar\u00eda.<\/p>\n<p>Ogni mercoled\u00ec alle pre 20:30 presso l&#8217;Auditorio della Medioteca e Biblioteca Municipale di Villa Mar\u00eda.<\/p>\n<p>\u00a0<\/p>\n<p>01\/06: Se fosse in te;<\/p>\n<p>08\/06: Se devo essere sincera;<\/p>\n<p>15\/06: La febbre;<\/p>\n<p>22\/06: Notte prima degli esami;<\/p>\n<p>29\/06: Operazione San Gennaro.<\/p>\n<p>\u00a0<\/p>\n<p>Non mancate!<\/p>\n<p>Per pi\u00fa informazioni: Contattate l&#8217;<a href=\"http:\/\/www.iiccordoba.esteri.it\/IIC_Cordoba\">Istituto Italiano di Cultura<\/a> della nostra citt\u00e0.<\/p>\n","protected":false},"excerpt":{"rendered":"Ciclo &#8220;Il cinema italiano nelle comunit\u00e0 italo-argentine&#8221;. Durante tutto il mese di giugno 2016 a Villa Mar\u00eda. Ogni mercoled\u00ec alle pre 20:30 presso l&#8217;Auditorio della Medioteca e Biblioteca Municipale di Villa Mar\u00eda. \u00a0 01\/06: Se fosse in te; 08\/06: Se devo essere sincera; 15\/06: La febbre; 22\/06: Notte prima degli esami; 29\/06: Operazione San Gennaro. [&hellip;]","protected":false},"author":1,"featured_media":0,"comment_status":"","ping_status":"","sticky":false,"template":"","format":"standard","meta":{"footnotes":""},"tags":[],"class_list":["post-1689","post","type-post","status-publish","format-standard","hentry"],"_links":{"self":[{"href":"https:\/\/conscordoba.esteri.it\/it\/wp-json\/wp\/v2\/posts\/1689","targetHints":{"allow":["GET"]}}],"collection":[{"href":"https:\/\/conscordoba.esteri.it\/it\/wp-json\/wp\/v2\/posts"}],"about":[{"href":"https:\/\/conscordoba.esteri.it\/it\/wp-json\/wp\/v2\/types\/post"}],"author":[{"embeddable":true,"href":"https:\/\/conscordoba.esteri.it\/it\/wp-json\/wp\/v2\/users\/1"}],"replies":[{"embeddable":true,"href":"https:\/\/conscordoba.esteri.it\/it\/wp-json\/wp\/v2\/comments?post=1689"}],"version-history":[{"count":0,"href":"https:\/\/conscordoba.esteri.it\/it\/wp-json\/wp\/v2\/posts\/1689\/revisions"}],"wp:attachment":[{"href":"https:\/\/conscordoba.esteri.it\/it\/wp-json\/wp\/v2\/media?parent=1689"}],"wp:term":[{"taxonomy":"post_tag","embeddable":true,"href":"https:\/\/conscordoba.esteri.it\/it\/wp-json\/wp\/v2\/tags?post=1689"}],"curies":[{"name":"wp","href":"https:\/\/api.w.org\/{rel}","templated":true}]}}