{"id":1701,"date":"2016-05-11T16:10:39","date_gmt":"2016-05-11T14:10:39","guid":{"rendered":"https:\/\/conscordoba.esteri.it\/news\/dal_consolato\/2016\/05\/elenco-degli-alunni-argentini-ammessi\/"},"modified":"2016-05-11T16:10:39","modified_gmt":"2016-05-11T14:10:39","slug":"elenco-degli-alunni-argentini-ammessi","status":"publish","type":"post","link":"https:\/\/conscordoba.esteri.it\/it\/news\/dal_consolato\/2016\/05\/elenco-degli-alunni-argentini-ammessi\/","title":{"rendered":"Elenco degli studenti argentini ammessi ai corsi di Laurea Magistrale del Politecnico di Milano"},"content":{"rendered":"<p>Con riferimento alle Procedure per l\u2019accesso degli studenti internazionali richiedenti visto ai corsi di formazione superiore per l\u2019anno accademico 2016\/2017, pubblicate dal MIUR e concordate con il MAECI e il Ministero dell&#8217;Interno, viene pubblicato l\u2019elenco con i nominativi dei cittadini stranieri residenti in Argentina ammessi ai corsi di Laurea Magistrale biennali, A.A. 2016\/2017, 1\u00b0 sem., presso il Politecnico di Milano.<\/p>\n<p>Si comunica che l\u2019inizio delle lezioni \u00e8 previsto per la prima settimana di ottobre 2016 e che gli studenti devono presentarsi entro la fine di settembre per l\u2019immatricolazione e partecipare alle attivit\u00e0 di orientamento previste.<\/p>\n<p>\u00a0<\/p>\n<p><span style=\"text-decoration: underline;\"><strong>COGNOME E NOME &#8211; LUOGO DI RESIDENZA &#8211; CORSO DI LAUREA<\/strong><\/span><\/p>\n<p>\u00a0<\/p>\n<p>ARAMAYO, JOS\u00c9 MART\u00cdN &#8211; SAN SALVADOR DE JUJUY CIVIL ENGINEERING<\/p>\n<p>BADALONI, CAMILA &#8211; ROSARIO MANAGEMENT ENGINEERING<\/p>\n<p>BIONDI, SARRA MARTIN &#8211; QUILMES AUTOMATION AND CONTROL ENGINEERING<\/p>\n<p>BOCCO, EMANUEL &#8211; VILLA CARLOS PAZ ARCHITECTURE<\/p>\n<p>CUBERLI, ANDR\u00c9S JOS\u00c9 &#8211; SAN FRANCISCO ENVIRONMENTAL AND LAND PLANNING ENGINEERING<\/p>\n<p>DELUGAN VELA, JULIETA NATAL\u00cd &#8211; MENDOZA SUSTAINABLE ARCHITECTURE AND LANDSCAPE DESIGN<\/p>\n<p>DEPETRIS CHAUVIN, PABLO IGNACIO &#8211; CAPITAL FEDERAL URBAN PLANNING AND POLICY DESIGN<\/p>\n<p>Di STEFANO, ANABELLA FLORENCIA &#8211; CAPITAL FEDERAL DESIGN &#038; ENGINEERING<\/p>\n<p>GIUSTO, AGOSTINA MARIA &#8211; BAHIA BLANCA ARCHITECTURAL DESIGN AND HISTORY<\/p>\n<p>L\u00d3PEZ, IB\u00c1\u00d1EZ MAURICIO JAVIER &#8211; CORDOBA BUILDING AND ARCHITECTURAL ENGINEERING<\/p>\n<p>LOUTAYF FIGUEROA, ROBERTO JOS\u00c9 &#8211; SALTA MECHANICAL ENGINEERING<\/p>\n<p>MIR, GONZALO ALEJANDRO &#8211; LA FALDA ARCHITECTURAL DESIGN AND HISTORY<\/p>\n<p>MOLINA, JULIETA ANDREA &#8211; CORDOBA SUSTAINABLE ARCHITECTURE AND LANDSCAPE DESIGN<\/p>\n<p>MOSTACERO, ANTONELA LUCIA &#8211; CORDOBA ARCHITECTURE &#8211; ARCHITECTURAL DESIGN<\/p>\n<p>PRONOTTI, ELIEL NICOLAS &#8211; CORDOBA BUILDING AND ARCHITECTURAL ENGINEERING<\/p>\n<p>RUIZ, MAUGER GONZALO &#8211; SALTA MANAGEMENT ENGINEERING<\/p>\n<p>SBORLINI, ANTONELA &#8211; BUENOS AIRES URBAN PLANNING AND POLICY DESIGN<\/p>\n<p>TISSERA, IVAN ALEJANDRO &#8211; LA PLATA ENERGY ENGINEERING<\/p>\n<p>ZABERT, LUISINA &#8211; CAPITAL FEDERAL ARCHITECTURE &#8211; ARCHITECTURAL DESIGN<\/p>\n<p>ZANGARI, MAURICIO &#8211; CIUDAD AUTONOMA DE BUENOS AIRES MATERIALS ENGINEERING AND NANOTECHNOLOGY<\/p>\n<p>\u00a0<\/p>\n<p>Si invitano gli interessati a mettersi in contatto con gli uffici Studi e Visti del consolato di competenza.<\/p>\n","protected":false},"excerpt":{"rendered":"Con riferimento alle Procedure per l\u2019accesso degli studenti internazionali richiedenti visto ai corsi di formazione superiore per l\u2019anno accademico 2016\/2017, pubblicate dal MIUR e concordate con il MAECI e il Ministero dell&#8217;Interno, viene pubblicato l\u2019elenco con i nominativi dei cittadini stranieri residenti in Argentina ammessi ai corsi di Laurea Magistrale biennali, A.A. 2016\/2017, 1\u00b0 sem., [&hellip;]","protected":false},"author":1,"featured_media":0,"comment_status":"","ping_status":"","sticky":false,"template":"","format":"standard","meta":{"footnotes":""},"tags":[],"class_list":["post-1701","post","type-post","status-publish","format-standard","hentry"],"_links":{"self":[{"href":"https:\/\/conscordoba.esteri.it\/it\/wp-json\/wp\/v2\/posts\/1701","targetHints":{"allow":["GET"]}}],"collection":[{"href":"https:\/\/conscordoba.esteri.it\/it\/wp-json\/wp\/v2\/posts"}],"about":[{"href":"https:\/\/conscordoba.esteri.it\/it\/wp-json\/wp\/v2\/types\/post"}],"author":[{"embeddable":true,"href":"https:\/\/conscordoba.esteri.it\/it\/wp-json\/wp\/v2\/users\/1"}],"replies":[{"embeddable":true,"href":"https:\/\/conscordoba.esteri.it\/it\/wp-json\/wp\/v2\/comments?post=1701"}],"version-history":[{"count":0,"href":"https:\/\/conscordoba.esteri.it\/it\/wp-json\/wp\/v2\/posts\/1701\/revisions"}],"wp:attachment":[{"href":"https:\/\/conscordoba.esteri.it\/it\/wp-json\/wp\/v2\/media?parent=1701"}],"wp:term":[{"taxonomy":"post_tag","embeddable":true,"href":"https:\/\/conscordoba.esteri.it\/it\/wp-json\/wp\/v2\/tags?post=1701"}],"curies":[{"name":"wp","href":"https:\/\/api.w.org\/{rel}","templated":true}]}}