{"id":1703,"date":"2016-05-06T14:52:29","date_gmt":"2016-05-06T12:52:29","guid":{"rendered":"https:\/\/conscordoba.esteri.it\/news\/dal_consolato\/2016\/05\/massimiliano-pitocco-in-concerto\/"},"modified":"2016-05-06T14:52:29","modified_gmt":"2016-05-06T12:52:29","slug":"massimiliano-pitocco-in-concerto","status":"publish","type":"post","link":"https:\/\/conscordoba.esteri.it\/it\/news\/dal_consolato\/2016\/05\/massimiliano-pitocco-in-concerto\/","title":{"rendered":"Massimiliano P\u00eftocco in concerto"},"content":{"rendered":"<p>Domenica 8 maggio alle ore 19. Auditorio Radio Nacional.<\/p>\n<p>GRATIS! Biglietti a disposizione degli interessati in tutte e due le sedi dell&#8217;Istituto Italiano di Cultura di C\u00f3rdoba.<\/p>\n<p>Per saperne di pi\u00f9 ed altre informazioni sulle attivit\u00e0 culturali, si invita all&#8217;utenza a visitare il sito ufficiale dell&#8217;Istituto Italiano di Cultura di C\u00f3rdoba: <a href=\"http:\/\/www.iiccordoba.esteri.it\">www.iiccordoba.esteri.it<\/a><\/p>\n<p>\u00a0<\/p>\n","protected":false},"excerpt":{"rendered":"Domenica 8 maggio alle ore 19. Auditorio Radio Nacional. GRATIS! Biglietti a disposizione degli interessati in tutte e due le sedi dell&#8217;Istituto Italiano di Cultura di C\u00f3rdoba. Per saperne di pi\u00f9 ed altre informazioni sulle attivit\u00e0 culturali, si invita all&#8217;utenza a visitare il sito ufficiale dell&#8217;Istituto Italiano di Cultura di C\u00f3rdoba: www.iiccordoba.esteri.it \u00a0","protected":false},"author":1,"featured_media":0,"comment_status":"","ping_status":"","sticky":false,"template":"","format":"standard","meta":{"footnotes":""},"tags":[],"class_list":["post-1703","post","type-post","status-publish","format-standard","hentry"],"_links":{"self":[{"href":"https:\/\/conscordoba.esteri.it\/it\/wp-json\/wp\/v2\/posts\/1703","targetHints":{"allow":["GET"]}}],"collection":[{"href":"https:\/\/conscordoba.esteri.it\/it\/wp-json\/wp\/v2\/posts"}],"about":[{"href":"https:\/\/conscordoba.esteri.it\/it\/wp-json\/wp\/v2\/types\/post"}],"author":[{"embeddable":true,"href":"https:\/\/conscordoba.esteri.it\/it\/wp-json\/wp\/v2\/users\/1"}],"replies":[{"embeddable":true,"href":"https:\/\/conscordoba.esteri.it\/it\/wp-json\/wp\/v2\/comments?post=1703"}],"version-history":[{"count":0,"href":"https:\/\/conscordoba.esteri.it\/it\/wp-json\/wp\/v2\/posts\/1703\/revisions"}],"wp:attachment":[{"href":"https:\/\/conscordoba.esteri.it\/it\/wp-json\/wp\/v2\/media?parent=1703"}],"wp:term":[{"taxonomy":"post_tag","embeddable":true,"href":"https:\/\/conscordoba.esteri.it\/it\/wp-json\/wp\/v2\/tags?post=1703"}],"curies":[{"name":"wp","href":"https:\/\/api.w.org\/{rel}","templated":true}]}}