{"id":1828,"date":"2023-09-18T14:26:52","date_gmt":"2023-09-18T12:26:52","guid":{"rendered":"https:\/\/conscordoba.esteri.it\/?p=1828"},"modified":"2023-09-18T14:28:07","modified_gmt":"2023-09-18T12:28:07","slug":"funzionario-itinerante-per-il-rilascio-del-passaporto-unquillovilla-allende-agua-de-oro-salsipuedes-la-granja-mendiolaza-rio-ceballos-settembre-2023","status":"publish","type":"post","link":"https:\/\/conscordoba.esteri.it\/it\/news\/dal_consolato\/2023\/09\/funzionario-itinerante-per-il-rilascio-del-passaporto-unquillovilla-allende-agua-de-oro-salsipuedes-la-granja-mendiolaza-rio-ceballos-settembre-2023\/","title":{"rendered":"FUNZIONARIO ITINERANTE PER IL RILASCIO DEL PASSAPORTO \u2013 UNQUILLO, VILLA ALLENDE, AGUA DE ORO, SALSIPUEDES, LA GRANJA, MENDIOLAZA, RIO CEBALLOS- Settembre 2023"},"content":{"rendered":"<p>Si comunica che l\u2019abilitazione degli appuntamenti per la prossima missione del funzionario itinerante nella citt\u00e0 di Unquillo per l\u2019emissione\/rinnovo del passaporto per i cittadini residenti a Unquillo, Villa Allende, Salsipuedes, Agua de Oro, La Granja, Mendiolaza, Rio Ceballos avverr\u00e0 il prossimo 22 settembre. Sar\u00e0 rivolta unicamente alle persone residenti nelle citt\u00e0 indicate.<\/p>\n<p>Gli appuntamenti si potranno prenotare\u00a0<strong>solamente via mail all\u2019indirizzo\u00a0<a href=\"mailto:cordoba.passportinoa@esteri.it\" target=\"_blank\" rel=\"noopener noreferrer\">cordoba.passportinoa@esteri.it<\/a>\u00a0dalle ore\u00a0<u>8:00 alle ore 15:00 del 22 settembre<\/u><\/strong>.<\/p>\n<p>A tale fine bisogner\u00e0 indicare nell\u2019oggetto della mail\u00a0<b>\u201cMisi\u00f3n Itinerante UNQUILLO,VILLA ALLENDE, AGUA DE ORO, SALSIPUEDES, LA GRANJA, MENDIOLAZA, RIO CEBALLOS &#8211;\u00a0SETTEMBRE\u00a02023\u201d<\/b>, il nome del richiedente e allegare il\u00a0<b>modulo di domanda di appuntamento + il documento d\u2019identit\u00e0<\/b>\u00a0(DNI) fronte e retro (tutto scannerizzato in un unico file PDF).<\/p>\n<p>Successivamente, l&#8217;Ufficio Passaporti contatter\u00e0\u00a0l\u2019interessato via mail per indicare come procedere.<\/p>\n<p>LE MAIL INVIATE PRIMA DELLE ORE 8:00 E DOPO LE ORE 15:00 DEL 22 SETTEMBRE NON VERRANNO PRESE IN CONSIDERAZIONE.<\/p>\n<p>&nbsp;<\/p>\n<p>&#8211;<a href=\"https:\/\/conscordoba.esteri.it\/wp-content\/uploads\/2023\/09\/FORMULARIO-RICHIESTA-TURNO-FUNZIONARIO-ITINERANTE.doc\">Clicca qui per scaricare la domanda<\/a>.<\/p>\n","protected":false},"excerpt":{"rendered":"Si comunica che l\u2019abilitazione degli appuntamenti per la prossima missione del funzionario itinerante nella citt\u00e0 di Unquillo per l\u2019emissione\/rinnovo del passaporto per i cittadini residenti a Unquillo, Villa Allende, Salsipuedes, Agua de Oro, La Granja, Mendiolaza, Rio Ceballos avverr\u00e0 il prossimo 22 settembre. Sar\u00e0 rivolta unicamente alle persone residenti nelle citt\u00e0 indicate. Gli appuntamenti si [&hellip;]","protected":false},"author":3,"featured_media":1818,"comment_status":"closed","ping_status":"closed","sticky":false,"template":"","format":"standard","meta":{"footnotes":""},"tags":[],"class_list":["post-1828","post","type-post","status-publish","format-standard","has-post-thumbnail","hentry"],"_links":{"self":[{"href":"https:\/\/conscordoba.esteri.it\/it\/wp-json\/wp\/v2\/posts\/1828","targetHints":{"allow":["GET"]}}],"collection":[{"href":"https:\/\/conscordoba.esteri.it\/it\/wp-json\/wp\/v2\/posts"}],"about":[{"href":"https:\/\/conscordoba.esteri.it\/it\/wp-json\/wp\/v2\/types\/post"}],"author":[{"embeddable":true,"href":"https:\/\/conscordoba.esteri.it\/it\/wp-json\/wp\/v2\/users\/3"}],"replies":[{"embeddable":true,"href":"https:\/\/conscordoba.esteri.it\/it\/wp-json\/wp\/v2\/comments?post=1828"}],"version-history":[{"count":0,"href":"https:\/\/conscordoba.esteri.it\/it\/wp-json\/wp\/v2\/posts\/1828\/revisions"}],"wp:featuredmedia":[{"embeddable":true,"href":"https:\/\/conscordoba.esteri.it\/it\/wp-json\/wp\/v2\/media\/1818"}],"wp:attachment":[{"href":"https:\/\/conscordoba.esteri.it\/it\/wp-json\/wp\/v2\/media?parent=1828"}],"wp:term":[{"taxonomy":"post_tag","embeddable":true,"href":"https:\/\/conscordoba.esteri.it\/it\/wp-json\/wp\/v2\/tags?post=1828"}],"curies":[{"name":"wp","href":"https:\/\/api.w.org\/{rel}","templated":true}]}}