{"id":1870,"date":"2023-09-25T13:46:00","date_gmt":"2023-09-25T11:46:00","guid":{"rendered":"https:\/\/conscordoba.esteri.it\/?p=1870"},"modified":"2023-09-25T13:48:50","modified_gmt":"2023-09-25T11:48:50","slug":"apertura-di-un-libro-di-condoglianze-a-seguito-della-scomparsa-del-presidente-emerito-della-repubblica-senatore-giorgio-napolitano","status":"publish","type":"post","link":"https:\/\/conscordoba.esteri.it\/it\/news\/dal_consolato\/2023\/09\/apertura-di-un-libro-di-condoglianze-a-seguito-della-scomparsa-del-presidente-emerito-della-repubblica-senatore-giorgio-napolitano\/","title":{"rendered":"Apertura di un libro di condoglianze a seguito della scomparsa del Presidente Emerito della Repubblica, Senatore Giorgio Napolitano"},"content":{"rendered":"<p>Il Consolato Generale d\u2019Italia a Cordoba informa che \u00e8 aperto un libro di condoglianze a seguito del decesso del Presidente Emerito della Repubblica, Senatore di diritto a vita, Giorgio Napolitano. Il libro rester\u00e0 aperto luned\u00ec 25 settembre e marted\u00ec 26 settembre, giorno delle Esequie di Stato.<br \/>\nSi riportano di seguito l\u2019indirizzo e gli orari di apertura:<br \/>\n<span class=\"x3nfvp2 x1j61x8r x1fcty0u xdj266r xhhsvwb xat24cr xgzva0m xxymvpz xlup9mm x1kky2od\"><img loading=\"lazy\" decoding=\"async\" src=\"https:\/\/static.xx.fbcdn.net\/images\/emoji.php\/v9\/t2d\/1\/16\/1f4cd.png\" alt=\"\ud83d\udccd\" width=\"16\" height=\"16\" \/><\/span>\u00a0Av. V\u00e9lez Sarsfield 360, Cordoba<br \/>\n<span class=\"x3nfvp2 x1j61x8r x1fcty0u xdj266r xhhsvwb xat24cr xgzva0m xxymvpz xlup9mm x1kky2od\"><img loading=\"lazy\" decoding=\"async\" src=\"https:\/\/static.xx.fbcdn.net\/images\/emoji.php\/v9\/tf3\/1\/16\/1f539.png\" alt=\"\ud83d\udd39\" width=\"16\" height=\"16\" \/><\/span>\u00a0Luned\u00ec 25 settembre e marted\u00ec 26 settembre dalle 9:00 alle 15:00.<\/p>\n","protected":false},"excerpt":{"rendered":"Il Consolato Generale d\u2019Italia a Cordoba informa che \u00e8 aperto un libro di condoglianze a seguito del decesso del Presidente Emerito della Repubblica, Senatore di diritto a vita, Giorgio Napolitano. Il libro rester\u00e0 aperto luned\u00ec 25 settembre e marted\u00ec 26 settembre, giorno delle Esequie di Stato. Si riportano di seguito l\u2019indirizzo e gli orari di [&hellip;]","protected":false},"author":3,"featured_media":1867,"comment_status":"closed","ping_status":"closed","sticky":false,"template":"","format":"standard","meta":{"footnotes":""},"tags":[],"class_list":["post-1870","post","type-post","status-publish","format-standard","has-post-thumbnail","hentry"],"_links":{"self":[{"href":"https:\/\/conscordoba.esteri.it\/it\/wp-json\/wp\/v2\/posts\/1870","targetHints":{"allow":["GET"]}}],"collection":[{"href":"https:\/\/conscordoba.esteri.it\/it\/wp-json\/wp\/v2\/posts"}],"about":[{"href":"https:\/\/conscordoba.esteri.it\/it\/wp-json\/wp\/v2\/types\/post"}],"author":[{"embeddable":true,"href":"https:\/\/conscordoba.esteri.it\/it\/wp-json\/wp\/v2\/users\/3"}],"replies":[{"embeddable":true,"href":"https:\/\/conscordoba.esteri.it\/it\/wp-json\/wp\/v2\/comments?post=1870"}],"version-history":[{"count":0,"href":"https:\/\/conscordoba.esteri.it\/it\/wp-json\/wp\/v2\/posts\/1870\/revisions"}],"wp:featuredmedia":[{"embeddable":true,"href":"https:\/\/conscordoba.esteri.it\/it\/wp-json\/wp\/v2\/media\/1867"}],"wp:attachment":[{"href":"https:\/\/conscordoba.esteri.it\/it\/wp-json\/wp\/v2\/media?parent=1870"}],"wp:term":[{"taxonomy":"post_tag","embeddable":true,"href":"https:\/\/conscordoba.esteri.it\/it\/wp-json\/wp\/v2\/tags?post=1870"}],"curies":[{"name":"wp","href":"https:\/\/api.w.org\/{rel}","templated":true}]}}