{"id":1904,"date":"2023-10-24T13:35:14","date_gmt":"2023-10-24T11:35:14","guid":{"rendered":"https:\/\/conscordoba.esteri.it\/?p=1904"},"modified":"2023-10-24T13:36:55","modified_gmt":"2023-10-24T11:36:55","slug":"funzionario-itinerante-per-il-rilascio-del-passaporto-monte-buey-justiniano-posse-laborde-monte-maiz-isla-verde-corral-de-bustos-camilo-aldao-los-surgentes-inriville-general-baldiss","status":"publish","type":"post","link":"https:\/\/conscordoba.esteri.it\/it\/news\/dal_consolato\/2023\/10\/funzionario-itinerante-per-il-rilascio-del-passaporto-monte-buey-justiniano-posse-laborde-monte-maiz-isla-verde-corral-de-bustos-camilo-aldao-los-surgentes-inriville-general-baldiss\/","title":{"rendered":"FUNZIONARIO ITINERANTE PER IL RILASCIO DEL PASSAPORTO \u2013 MONTE BUEY, JUSTINIANO POSSE, LABORDE, MONTE MAIZ, ISLA VERDE, CORRAL DE BUSTOS, CAMILO ALDAO, LOS SURGENTES, INRIVILLE, GENERAL BALDISSERA  &#8211; Novembre 2023"},"content":{"rendered":"<p>Si comunica che l\u2019abilitazione degli appuntamenti per la prossima missione del funzionario itinerante nella citt\u00e0 di Monte Buey per l\u2019emissione\/rinnovo del passaporto per i cittadini residenti a Monte Buey, Justiniano Posse, Laborde, Monte Maiz, Isla Verde, Corral de Bustos, Camilo Aldao, Los Surgentes, Inriville, General Baldissera sar\u00e0 il prossimo 25 ottobre. Essa sar\u00e0 rivolta unicamente alle persone residenti nelle citt\u00e0 indicate.<\/p>\n<p>Gli appuntamenti si potranno prenotare\u00a0<strong>solamente via mail all\u2019indirizzo\u00a0<a href=\"mailto:cordoba.passportinoa@esteri.it\" target=\"_blank\" rel=\"noopener noreferrer\">cordoba.passportinoa@esteri.it<\/a>\u00a0dalle ore\u00a0<u>8:00 alle ore 20:00 del 25 ottobre<\/u><\/strong>.<\/p>\n<p>A tale fine bisogner\u00e0 indicare nell\u2019oggetto della mail\u00a0<b>\u201cMisi\u00f3n Itinerante MONTE BUEY, JUSTINIANO POSSE, LABORDE, MONTE MAIZ, ISLA VERDE, CORRAL DE BUSTOS, CAMILO ALDAO, LOS SURGENTES, INRIVILLE, GENERAL BALDISSERA \u00a0\u2013 NOVEMBRE 2023\u201d<\/b>, il nome del richiedente e allegare il\u00a0<b>modulo di domanda di appuntamento + il documento d\u2019identit\u00e0<\/b>\u00a0(DNI) fronte e retro (tutto scannerizzato in un unico file PDF).<\/p>\n<p>Successivamente, l&#8217;Ufficio Passaporti contatter\u00e0\u00a0l\u2019interessato via mail per indicare come procedere.<\/p>\n<p>LE MAIL INVIATE PRIMA DELLE ORE 8:00 E DOPO LE ORE 20:00 DEL 25 OTTOBRE NON VERRANNO PRESE IN CONSIDERAZIONE.<\/p>\n<p>&#8211;<a href=\"https:\/\/conscordoba.esteri.it\/wp-content\/uploads\/2023\/09\/FORMULARIO-RICHIESTA-TURNO-FUNZIONARIO-ITINERANTE.doc\">Clicca qui per scaricare la domanda<\/a><\/p>\n","protected":false},"excerpt":{"rendered":"Si comunica che l\u2019abilitazione degli appuntamenti per la prossima missione del funzionario itinerante nella citt\u00e0 di Monte Buey per l\u2019emissione\/rinnovo del passaporto per i cittadini residenti a Monte Buey, Justiniano Posse, Laborde, Monte Maiz, Isla Verde, Corral de Bustos, Camilo Aldao, Los Surgentes, Inriville, General Baldissera sar\u00e0 il prossimo 25 ottobre. Essa sar\u00e0 rivolta unicamente [&hellip;]","protected":false},"author":3,"featured_media":0,"comment_status":"closed","ping_status":"closed","sticky":false,"template":"","format":"standard","meta":{"footnotes":""},"tags":[],"class_list":["post-1904","post","type-post","status-publish","format-standard","hentry"],"_links":{"self":[{"href":"https:\/\/conscordoba.esteri.it\/it\/wp-json\/wp\/v2\/posts\/1904","targetHints":{"allow":["GET"]}}],"collection":[{"href":"https:\/\/conscordoba.esteri.it\/it\/wp-json\/wp\/v2\/posts"}],"about":[{"href":"https:\/\/conscordoba.esteri.it\/it\/wp-json\/wp\/v2\/types\/post"}],"author":[{"embeddable":true,"href":"https:\/\/conscordoba.esteri.it\/it\/wp-json\/wp\/v2\/users\/3"}],"replies":[{"embeddable":true,"href":"https:\/\/conscordoba.esteri.it\/it\/wp-json\/wp\/v2\/comments?post=1904"}],"version-history":[{"count":1,"href":"https:\/\/conscordoba.esteri.it\/it\/wp-json\/wp\/v2\/posts\/1904\/revisions"}],"predecessor-version":[{"id":1905,"href":"https:\/\/conscordoba.esteri.it\/it\/wp-json\/wp\/v2\/posts\/1904\/revisions\/1905"}],"wp:attachment":[{"href":"https:\/\/conscordoba.esteri.it\/it\/wp-json\/wp\/v2\/media?parent=1904"}],"wp:term":[{"taxonomy":"post_tag","embeddable":true,"href":"https:\/\/conscordoba.esteri.it\/it\/wp-json\/wp\/v2\/tags?post=1904"}],"curies":[{"name":"wp","href":"https:\/\/api.w.org\/{rel}","templated":true}]}}