{"id":2448,"date":"2024-02-01T12:41:03","date_gmt":"2024-02-01T11:41:03","guid":{"rendered":"https:\/\/conscordoba.esteri.it\/?p=2448"},"modified":"2024-02-01T14:45:52","modified_gmt":"2024-02-01T13:45:52","slug":"funzionario-itinerante-per-il-rilascio-del-passaporto-tucuman-febbraio-2024-per-residenti-della-provincia-di-tucuman","status":"publish","type":"post","link":"https:\/\/conscordoba.esteri.it\/it\/news\/dal_consolato\/2024\/02\/funzionario-itinerante-per-il-rilascio-del-passaporto-tucuman-febbraio-2024-per-residenti-della-provincia-di-tucuman\/","title":{"rendered":"FUNZIONARIO ITINERANTE PER IL RILASCIO DEL PASSAPORTO \u2013 Tucum\u00e1n\u2013 Febbraio 2024 \u2013 (per residenti della provincia di Tucum\u00e1n presso Santiago del Estero)"},"content":{"rendered":"<div>\n<div>\n<div>\n<div class=\"_rp_p6 _rp_q6\">\n<div id=\"Conversation.FossilizedTextBody\" class=\"ms-font-weight-regular ms-font-color-neutralDark rpHighlightAllClass rpHighlightBodyClass _rp_r6\">\n<div class=\"ms-border-color-neutralTertiaryAlt\">\n<div>\n<div>\n<div>\n<div><span style=\"font-family: Times New Roman,serif; font-size: medium;\"><span lang=\"it\">Si comunica che l\u2019abilitazione degli appuntamenti per la prossima missione del funzionario itinerante, inerente all\u2019emissione\/rinnovo del passaporto per i cittadini residenti nella provincia di Tucum\u00e1n, sar\u00e0 il prossimo luned\u00ec 5 febbraio 2024. Essa sar\u00e0 rivolta unicamente alle persone residenti nella provincia sopraindicata e si terr\u00e0 presso la citt\u00e0 di Santiago del Estero.<\/span><\/span><\/div>\n<div><span style=\"font-family: Times New Roman,serif; font-size: medium;\"><span lang=\"it\">Gli appuntamenti si potranno prenotare\u00a0<\/span><span lang=\"it\"><b>solamente via e-mail all\u2019indirizzo\u00a0<\/b><\/span><a href=\"mailto:cordoba.passportinoa@esteri.it\" target=\"_blank\" rel=\"noopener noreferrer\"><span lang=\"it\"><span style=\"color: blue;\"><b>cordoba.passportinoa@esteri.it<\/b><\/span><\/span><\/a><span lang=\"it\"><b>\u00a0dalle ore\u00a0<\/b><\/span><span lang=\"it\"><b><u>10:00 alle ore 18:00 di luned\u00ec 5 febbraio 2024<\/u><\/b><\/span><span lang=\"it\">.<\/span><\/span><\/div>\n<div><span style=\"font-family: Times New Roman,serif; font-size: medium;\"><span lang=\"it\">A tal fine, bisogner\u00e0 indicare nell\u2019oggetto della mail\u00a0<\/span><span lang=\"it\"><b>\u201cMisi\u00f3n Itinerante TUCUM\u00c1N\u2013 FEBRERO 2024\u201d<\/b><\/span><span lang=\"it\">\u00a0e il nome del richiedente.<\/span><\/span><\/div>\n<div><span style=\"font-family: Times New Roman,serif; font-size: medium;\"><span lang=\"it\">Inoltre, si dovranno allegare il\u00a0<\/span><span lang=\"it\"><b>modulo di domanda di appuntamento e un documento d\u2019identit\u00e0<\/b><\/span><span lang=\"it\">\u00a0<\/span><span lang=\"it\"><b>valido<\/b><\/span><span lang=\"it\">\u00a0(DNI) fronte e retro (<\/span><span lang=\"it\"><b><u>tutto scannerizzato in un unico file PDF<\/u><\/b><\/span><span lang=\"it\">).<\/span><\/span><\/div>\n<div><span style=\"font-family: Times New Roman,serif; font-size: medium;\"><span lang=\"it\">In seguito, l\u2019Ufficio Passaporti contatter\u00e0\u00a0l\u2019interessato via mail per fornire ulteriori indicazioni sulla procedura da seguire.<\/span><\/span><\/div>\n<div><span style=\"font-family: Times New Roman,serif; font-size: medium;\"><span lang=\"it\">SI COMUNICA INOLTRE CHE\u00a0<\/span><span lang=\"it\"><u>SARANNO PRESE IN CONSIDERAZIONE UNICAMENTE 200 RICHIESTE<\/u><\/span><span lang=\"it\">\u00a0DEGLI UTENTI AVENTI I DATI REGOLARMENTE AGGIORNATI SUL NOSTRO REGISTRO CONSOLARE. LE MAIL INVIATE PRIMA DELLE ORE 10:00 E DOPO LE ORE 18:00 DEL 5 FEBBRAIO 2024 NON VERRANNO PRESE IN CONSIDERAZIONE.<\/span><\/span><\/div>\n<div><span style=\"font-family: Times New Roman,serif; font-size: medium;\"><span lang=\"it\">Per scaricare la domanda clicca qui:<\/span><span lang=\"it\"><b>\u00a0<\/b><\/span><a href=\"https:\/\/conscordoba.esteri.it\/wp-content\/uploads\/2023\/12\/FORMULARIO-RICHIESTA-TURNO-FUNZIONARIO-ITINERANTE.pdf\" target=\"_blank\" rel=\"noopener noreferrer\"><span lang=\"it\"><span style=\"color: blue;\"><b>Modulo Richiesta<\/b><\/span><\/span><\/a><span lang=\"it\"><b>\u00a0<\/b><\/span><\/span><\/div>\n<\/div>\n<\/div>\n<\/div>\n<\/div>\n<\/div>\n<\/div>\n<\/div>\n<\/div>\n<\/div>\n","protected":false},"excerpt":{"rendered":"Si comunica che l\u2019abilitazione degli appuntamenti per la prossima missione del funzionario itinerante, inerente all\u2019emissione\/rinnovo del passaporto per i cittadini residenti nella provincia di Tucum\u00e1n, sar\u00e0 il prossimo luned\u00ec 5 febbraio 2024. Essa sar\u00e0 rivolta unicamente alle persone residenti nella provincia sopraindicata e si terr\u00e0 presso la citt\u00e0 di Santiago del Estero. Gli appuntamenti si [&hellip;]","protected":false},"author":3,"featured_media":0,"comment_status":"closed","ping_status":"closed","sticky":false,"template":"","format":"standard","meta":{"footnotes":""},"tags":[],"class_list":["post-2448","post","type-post","status-publish","format-standard","hentry"],"_links":{"self":[{"href":"https:\/\/conscordoba.esteri.it\/it\/wp-json\/wp\/v2\/posts\/2448","targetHints":{"allow":["GET"]}}],"collection":[{"href":"https:\/\/conscordoba.esteri.it\/it\/wp-json\/wp\/v2\/posts"}],"about":[{"href":"https:\/\/conscordoba.esteri.it\/it\/wp-json\/wp\/v2\/types\/post"}],"author":[{"embeddable":true,"href":"https:\/\/conscordoba.esteri.it\/it\/wp-json\/wp\/v2\/users\/3"}],"replies":[{"embeddable":true,"href":"https:\/\/conscordoba.esteri.it\/it\/wp-json\/wp\/v2\/comments?post=2448"}],"version-history":[{"count":2,"href":"https:\/\/conscordoba.esteri.it\/it\/wp-json\/wp\/v2\/posts\/2448\/revisions"}],"predecessor-version":[{"id":2467,"href":"https:\/\/conscordoba.esteri.it\/it\/wp-json\/wp\/v2\/posts\/2448\/revisions\/2467"}],"wp:attachment":[{"href":"https:\/\/conscordoba.esteri.it\/it\/wp-json\/wp\/v2\/media?parent=2448"}],"wp:term":[{"taxonomy":"post_tag","embeddable":true,"href":"https:\/\/conscordoba.esteri.it\/it\/wp-json\/wp\/v2\/tags?post=2448"}],"curies":[{"name":"wp","href":"https:\/\/api.w.org\/{rel}","templated":true}]}}