{"id":3250,"date":"2024-05-13T21:23:32","date_gmt":"2024-05-13T19:23:32","guid":{"rendered":"https:\/\/conscordoba.esteri.it\/?p=3250"},"modified":"2024-05-16T16:27:48","modified_gmt":"2024-05-16T14:27:48","slug":"italia-en-san-francisco-ovunque-vada-ti-porto-con-me","status":"publish","type":"post","link":"https:\/\/conscordoba.esteri.it\/it\/news\/dal_consolato\/2024\/05\/italia-en-san-francisco-ovunque-vada-ti-porto-con-me\/","title":{"rendered":"Italia en San Francisco: Ovunque vada ti porto con me"},"content":{"rendered":"<p class=\"x_MsoNormal\">Il 3, 10, 11 e 12 maggio\u00a0si \u00e8 svolto l\u2019evento intitolato\u00a0<i>\u201cItalia en San Francisco. Ovunque vado ti porto con me\u201d\u00a0<\/i>pensato per essere un momento di raccolta per la comunit\u00e0 locale dedicato completamente all\u2019italianit\u00e0.<\/p>\n<p class=\"x_MsoNormal\">Questa manifestazione non poteva non essere ospitata da San Francisco, citt\u00e0 considerata la pi\u00f9 italiana dell\u2019Argentina, che conta una forte presenza di italiani soprattutto di origine piemontese, veneta e friulana.<\/p>\n<p class=\"x_MsoNormal\">L\u2019influenza italiana \u00e8 stata celebrata nel corso dei tre giorni in diversi ambiti come quello della gastronomia, dello sport e delle diverse forme di arte, dalla musica alla danza alla scultura con ospiti speciali come il noto chef italiano Donato De Santis.<\/p>\n<p class=\"x_MsoNormal\">L\u2019evento si \u00e8 aperto il venerd\u00ec 3 maggio con un concerto intitolato \u201c<i>Italia de Pelicula<\/i>\u201d dedicato alle colonne sonore di Ennio Morricone che accompagnano i pi\u00f9 noti film italiani.<\/p>\n<p class=\"x_MsoNormal\">Il 10 maggio si \u00e8 svolta una conferenza nella\u00a0<i>Escuela de Bellas Artes\u00a0<\/i>a cura della restauratrice Marcela Mammana che ha svolto una lezione magistrale sul patrimonio architettonico italiano presente a Cordoba.<\/p>\n<p class=\"x_MsoNormal\">Lo spettacolo e la musica sono stati senz\u2019altro il filo conduttore di tutta la manifestazione nel corso della quale si sono esibiti gruppi folkloristi italiani e gruppi musicali di vario genere che hanno portato sul palcoscenico la tradizione popolare italiana.<\/p>\n<p class=\"x_MsoNormal\">Le Radici Italiane sono state poi celebrate anche attraverso il concerto principale del sabato sera a cura dell\u2019artista Maxi Manzo che ha portato in scena uno spettacolo\u00a0<i>ad hoc<\/i>\u00a0sulla \u201cMusica delle Radici\u201d dedicato alle pi\u00f9 note canzoni dei cantautori italiani.<\/p>\n<p class=\"x_MsoNormal\">San Francisco \u00e8 stato anche il palcoscenico per la consegna del primo premio, un volo in Italia, del concorso avviato nel febbraio di quest\u2019anno dedicato alle Radici quale patrimonio intangibile, al quale, attraverso le categorie fotografia, pittura e scrittura, hanno partecipato centinaia di connazionali.<\/p>\n<p class=\"x_MsoNormal\">Nella mattinata di domenica, per celebrare i valori dello sport, si \u00e8 svolta una maratona nel centro della citt\u00e0 che ha permesso ai partecipanti di attraversare i luoghi pi\u00f9 emblematici dell\u2019italianit\u00e0 a San Francisco.<\/p>\n<p class=\"x_MsoNormal\">Nel corso di tutto l\u2019evento la tradizione culinaria e gastronomica \u00e8 stata certamente uno dei maggiori protagonisti. Con la presenza di food track di associazioni italiane che distribuivano piatti tipici regionali come la polenta bianca friulana, la pizza napoletana, il salame di Colonia Caroya e la bagna cauda piemontese, gli ospiti hanno potuto provare alcuni sapori tipicamente italiani.<\/p>\n<p class=\"x_MsoNormal\">Questo evento ha riportato e fatto sentire in Italia le migliaia di persone che hanno partecipato alla manifestazione e ha contribuito a celebrare e fortificare i rapporti tra i due popoli.<\/p>\n<p>Qui di seguito il programma:<\/p>\n<p><img loading=\"lazy\" decoding=\"async\" class=\"size-medium wp-image-3259 img-fluid aligncenter\" src=\"https:\/\/conscordoba.esteri.it\/wp-content\/uploads\/2024\/05\/Italia-en-San-Francisco-programma-300x215.jpg\" alt=\"\" width=\"300\" height=\"215\" srcset=\"https:\/\/conscordoba.esteri.it\/wp-content\/uploads\/2024\/05\/Italia-en-San-Francisco-programma-300x215.jpg 300w, https:\/\/conscordoba.esteri.it\/wp-content\/uploads\/2024\/05\/Italia-en-San-Francisco-programma-768x550.jpg 768w, https:\/\/conscordoba.esteri.it\/wp-content\/uploads\/2024\/05\/Italia-en-San-Francisco-programma.jpg 826w\" sizes=\"auto, (max-width: 300px) 100vw, 300px\" \/><\/p>\n<p>L&#8217;evento ha avuto grande risonanza sui media locali e sui canali social. Clicca sui link per leggere la rassegna stampa:<\/p>\n<p><a href=\"https:\/\/www.facebook.com\/lavozdesanjusto\/videos\/donato-de-santis-ya-est%C3%A1-en-la-ciudad-en-el-marco-del-programa-cultural-italia-e\/937151268205335\/?rdid=1ZcKjU3pGpJl0Vo3\">Donato De Santis ya est\u00e1 en la ciudad \ud83c\uddee\ud83c\uddf9 En el marco del programa cultural &#8220;Italia en San Francisco&#8221; que se desarrolla este fin de semana en la Plaza&#8230; | By La Voz de San JustoFacebook | Facebook<\/a><\/p>\n<p><a href=\"https:\/\/www.facebook.com\/100064929000741\/posts\/839065741601052\/?rdid=8Yondex80NIUPXJ3\">Con una importante cantidad de&#8230; &#8211; La Voz de San Justo | Facebook<\/a><\/p>\n<p><a href=\"https:\/\/www.facebook.com\/lavozdesanjusto\/videos\/299946376491982\/?rdid=ufYEvgCPLvevyLnD\">Para finalizar la tercera jornada de la \u201cSemana de Italia en San Francisco\u201d, se proyecta el mapping denominado \u201cUna historia en com\u00fan: inmigraci\u00f3n&#8230; | By La Voz de San JustoFacebook | Facebook<\/a><\/p>\n<p><a href=\"https:\/\/www.facebook.com\/100064929000741\/posts\/839314201576206\/?rdid=eKvlIBoJPApA6QQj\">En la cuarta jornada se destacan la&#8230; &#8211; La Voz de San Justo | Facebook<\/a><\/p>\n<p><a href=\"https:\/\/www.facebook.com\/100064929000741\/posts\/839640864876873\/?rdid=wUdict8maVHfpWue\">Un domingo para seguir disfrutando&#8230; &#8211; La Voz de San Justo | Facebook<\/a><\/p>\n<p><a href=\"https:\/\/www.facebook.com\/100064687869360\/posts\/890033136496274\/?rdid=rKIoDBv53DFHhDUF\">El Peri\u00f3dico &#8211; Ser\u00e1 a partir del mediod\u00eda de este s\u00e1bado&#8230; | Facebook<\/a><\/p>\n<p><a href=\"https:\/\/www.facebook.com\/100064687869360\/posts\/890286619804259\/?rdid=qNry4mMHsxs6p2Rv\">El Peri\u00f3dico &#8211; @donatodesantis cocin\u00f3 en vivo para el&#8230; | Facebook<\/a><\/p>\n<p><a href=\"https:\/\/www.facebook.com\/100064687869360\/posts\/890298263136428\/?rdid=wHfq2DTsOaHgOQ5U\">El Peri\u00f3dico &#8211; Contin\u00faan las actividades de \u201cItalia en San&#8230; | Facebook<\/a><\/p>\n<p><a href=\"https:\/\/www.facebook.com\/100064687869360\/posts\/890707503095504\/?rdid=FWt1C7TIn2NndMwS\">El Peri\u00f3dico &#8211; Ser\u00e1 en la Plaza C\u00edvica con eventos&#8230; | Facebook<\/a><\/p>\n<p><a href=\"https:\/\/www.facebook.com\/100064687869360\/posts\/890857926413795\/?rdid=QxheedNYnctTwCuH\">El Peri\u00f3dico &#8211; Contin\u00faan las actividades de \u201cItalia en San&#8230; | Facebook<\/a><\/p>\n<p><a href=\"https:\/\/www.facebook.com\/100063501045661\/posts\/965890038871022\/?rdid=F052jMNd8vKQGMTt\">Radiocanal &#8211; CULTURALES &#8211; &#8220;Italia en San Francisco&#8221;&#8230; | Facebook<\/a><\/p>\n<p><a href=\"https:\/\/www.facebook.com\/100063501045661\/posts\/966074468852579\/?rdid=QUNMrCE5PYzun9ik\">Radiocanal &#8211; CULTURALES &#8211; La agrupaci\u00f3n que todas las&#8230; | Facebook<\/a><\/p>\n<p><a href=\"https:\/\/www.facebook.com\/100063501045661\/posts\/966079945518698\/?rdid=FSg075kpndBLvtWh\">Radiocanal &#8211; CULTURALES &#8211; El Instituto Italiano de Cultura&#8230; | Facebook<\/a><\/p>\n","protected":false},"excerpt":{"rendered":"Il 3, 10, 11 e 12 maggio\u00a0si \u00e8 svolto l\u2019evento intitolato\u00a0\u201cItalia en San Francisco. Ovunque vado ti porto con me\u201d\u00a0pensato per essere un momento di raccolta per la comunit\u00e0 locale dedicato completamente all\u2019italianit\u00e0. Questa manifestazione non poteva non essere ospitata da San Francisco, citt\u00e0 considerata la pi\u00f9 italiana dell\u2019Argentina, che conta una forte presenza di [&hellip;]","protected":false},"author":3,"featured_media":3252,"comment_status":"closed","ping_status":"closed","sticky":false,"template":"","format":"standard","meta":{"footnotes":""},"tags":[],"class_list":["post-3250","post","type-post","status-publish","format-standard","has-post-thumbnail","hentry"],"_links":{"self":[{"href":"https:\/\/conscordoba.esteri.it\/it\/wp-json\/wp\/v2\/posts\/3250","targetHints":{"allow":["GET"]}}],"collection":[{"href":"https:\/\/conscordoba.esteri.it\/it\/wp-json\/wp\/v2\/posts"}],"about":[{"href":"https:\/\/conscordoba.esteri.it\/it\/wp-json\/wp\/v2\/types\/post"}],"author":[{"embeddable":true,"href":"https:\/\/conscordoba.esteri.it\/it\/wp-json\/wp\/v2\/users\/3"}],"replies":[{"embeddable":true,"href":"https:\/\/conscordoba.esteri.it\/it\/wp-json\/wp\/v2\/comments?post=3250"}],"version-history":[{"count":3,"href":"https:\/\/conscordoba.esteri.it\/it\/wp-json\/wp\/v2\/posts\/3250\/revisions"}],"predecessor-version":[{"id":3287,"href":"https:\/\/conscordoba.esteri.it\/it\/wp-json\/wp\/v2\/posts\/3250\/revisions\/3287"}],"wp:featuredmedia":[{"embeddable":true,"href":"https:\/\/conscordoba.esteri.it\/it\/wp-json\/wp\/v2\/media\/3252"}],"wp:attachment":[{"href":"https:\/\/conscordoba.esteri.it\/it\/wp-json\/wp\/v2\/media?parent=3250"}],"wp:term":[{"taxonomy":"post_tag","embeddable":true,"href":"https:\/\/conscordoba.esteri.it\/it\/wp-json\/wp\/v2\/tags?post=3250"}],"curies":[{"name":"wp","href":"https:\/\/api.w.org\/{rel}","templated":true}]}}