{"id":3987,"date":"2024-07-31T16:05:18","date_gmt":"2024-07-31T14:05:18","guid":{"rendered":"https:\/\/conscordoba.esteri.it\/?p=3987"},"modified":"2024-07-31T16:05:18","modified_gmt":"2024-07-31T14:05:18","slug":"funzionario-itinerante-per-il-rilascio-del-passaporto-bell-ville-agosto-2024-per-i-residenti-nel-dipartimento-di-union-e-di-marcos-juarez","status":"publish","type":"post","link":"https:\/\/conscordoba.esteri.it\/it\/news\/dal_consolato\/2024\/07\/funzionario-itinerante-per-il-rilascio-del-passaporto-bell-ville-agosto-2024-per-i-residenti-nel-dipartimento-di-union-e-di-marcos-juarez\/","title":{"rendered":"FUNZIONARIO ITINERANTE PER IL RILASCIO DEL PASSAPORTO \u2013 Bell Ville \u2013 Agosto 2024 (per i residenti nel dipartimento di Uni\u00f3n e di Marcos Ju\u00e1rez )"},"content":{"rendered":"<div style=\"text-align: justify;\"><span style=\"font-family: Calibri,sans-serif; font-size: small;\"><span style=\"font-family: Times New Roman,serif; font-size: medium;\">Si comunica che l\u2019abilitazione degli appuntamenti per la prossima missione del funzionario itinerante nella citt\u00e0 di Bell Ville, per l\u2019emissione\/rinnovo del passaporto per i cittadini residenti nel dipartimento di Uni\u00f3n e di Marcos Ju\u00e1rez, sar\u00e0 il prossimo luned\u00ec 5 agosto 2024. Essa sar\u00e0 rivolta unicamente alle persone residenti nei dipartimenti indicati.<\/span><\/span><\/div>\n<div><\/div>\n<div style=\"text-align: justify;\"><span style=\"font-family: Calibri,sans-serif; font-size: small;\"><span style=\"font-family: Times New Roman,serif; font-size: medium;\">Gli appuntamenti si potranno prenotare\u00a0<\/span><span style=\"font-family: Times New Roman,serif; font-size: medium;\"><b>solamente via e-mail all\u2019indirizzo\u00a0<\/b><\/span><a href=\"mailto:cordoba.passportinoa@esteri.it\" target=\"_blank\" rel=\"noopener noreferrer\"><span style=\"color: blue; font-family: Times New Roman,serif; font-size: medium;\"><b>cordoba.passportinoa@esteri.it<\/b><\/span><\/a><span style=\"font-family: Times New Roman,serif; font-size: medium;\"><b>\u00a0dalle ore\u00a0<\/b><\/span><span style=\"font-family: Times New Roman,serif; font-size: medium;\"><b><u>10:00 alle ore 18:00 del\u00a0<\/u><\/b><\/span><span style=\"font-family: Times New Roman,serif; font-size: medium;\"><b><u>luned\u00ec 5 agosto<\/u><\/b><\/span><span style=\"font-family: Times New Roman,serif; font-size: medium;\">\u00a0<\/span><span style=\"font-family: Times New Roman,serif; font-size: medium;\"><b><u>2024<\/u><\/b><\/span><span style=\"font-family: Times New Roman,serif; font-size: medium;\">.<\/span><\/span><\/div>\n<div style=\"text-align: justify;\"><\/div>\n<div style=\"text-align: justify;\"><span style=\"font-family: Calibri,sans-serif; font-size: small;\"><span style=\"font-family: Times New Roman,serif; font-size: medium;\">A tal fine, bisogner\u00e0 indicare nell\u2019oggetto della mail\u00a0<\/span><span style=\"font-family: Times New Roman,serif; font-size: medium;\"><b>\u201cMisi\u00f3n Itinerante BELL VILLE \u2013 AGOSTO 2024\u201d<\/b><\/span><span style=\"font-family: Times New Roman,serif; font-size: medium;\">\u00a0e il nome del richiedente.<\/span><\/span><\/div>\n<div style=\"text-align: justify;\"><\/div>\n<div style=\"text-align: justify;\"><span style=\"font-family: Calibri,sans-serif; font-size: small;\"><span style=\"font-family: Times New Roman,serif; font-size: medium;\">Inoltre, si dovranno allegare il\u00a0<\/span><span style=\"font-family: Times New Roman,serif; font-size: medium;\"><b>modulo di domanda di appuntamento e il documento d\u2019identit\u00e0<\/b><\/span><span style=\"font-family: Times New Roman,serif; font-size: medium;\">\u00a0<\/span><span style=\"font-family: Times New Roman,serif; font-size: medium;\"><b>valido<\/b><\/span><span style=\"font-family: Times New Roman,serif; font-size: medium;\">\u00a0(DNI) fronte e retro (tutto scannerizzato in un unico file PDF).<\/span><\/span><\/div>\n<div style=\"text-align: justify;\"><\/div>\n<div style=\"text-align: justify;\"><span style=\"font-family: Calibri,sans-serif; font-size: small;\"><span style=\"font-family: Times New Roman,serif; font-size: medium;\">In seguito, l\u2019Ufficio Passaporti contatter\u00e0\u00a0l\u2019interessato via mail per fornire ulteriori indicazioni sulla procedura da seguire.<\/span><\/span><\/div>\n<div style=\"text-align: justify;\"><\/div>\n<div style=\"text-align: justify;\"><span style=\"font-family: Calibri,sans-serif; font-size: small;\"><span style=\"font-family: Times New Roman,serif;\">SI COMUNICA, INOLTRE, CHE\u00a0<\/span><span style=\"font-family: Times New Roman,serif;\"><u>SARANNO PRESE IN CONSIDERAZIONE UNICAMENTE LE PRIME 250 RICHIESTE<\/u><\/span><span style=\"font-family: Times New Roman,serif;\">\u00a0DEGLI UTENTI CHE HANNO I DATI REGOLARMENTE AGGIORNATI SUL NOSTRO REGISTRO CONSOLARE. LE EMAIL INVIATE PRIMA DELLE ORE 10:00 E DOPO LE ORE 18:00 DI LUNED\u00cc 5 AGOSTO 2024 NON VERRANNO PRESE IN CONSIDERAZIONE.<\/span><\/span><\/div>\n<div style=\"text-align: justify;\"><\/div>\n<div style=\"text-align: justify;\"><span style=\"font-family: Calibri,sans-serif; font-size: small;\"><span style=\"font-family: Times New Roman,serif; font-size: medium;\">Per scaricare la domanda clicca qui:<\/span><span style=\"font-family: Times New Roman,serif; font-size: medium;\"><b>\u00a0<\/b><\/span><a href=\"https:\/\/conscordoba.esteri.it\/wp-content\/uploads\/2023\/12\/FORMULARIO-RICHIESTA-TURNO-FUNZIONARIO-ITINERANTE.pdf\" target=\"_blank\" rel=\"noopener noreferrer\"><span style=\"color: blue; font-family: Times New Roman,serif; font-size: medium;\"><b>Modulo Richiesta<\/b><\/span><\/a><span style=\"font-family: Times New Roman,serif; font-size: medium;\"><b>\u00a0<\/b><\/span><\/span><\/div>\n<div style=\"text-align: justify;\"><span style=\"font-family: Calibri,sans-serif; font-size: small;\"><span style=\"font-family: Times New Roman,serif; font-size: medium;\">\u00a0<\/span><\/span><\/div>\n","protected":false},"excerpt":{"rendered":"Si comunica che l\u2019abilitazione degli appuntamenti per la prossima missione del funzionario itinerante nella citt\u00e0 di Bell Ville, per l\u2019emissione\/rinnovo del passaporto per i cittadini residenti nel dipartimento di Uni\u00f3n e di Marcos Ju\u00e1rez, sar\u00e0 il prossimo luned\u00ec 5 agosto 2024. Essa sar\u00e0 rivolta unicamente alle persone residenti nei dipartimenti indicati. Gli appuntamenti si potranno [&hellip;]","protected":false},"author":5,"featured_media":0,"comment_status":"closed","ping_status":"closed","sticky":false,"template":"","format":"standard","meta":{"footnotes":""},"tags":[],"class_list":["post-3987","post","type-post","status-publish","format-standard","hentry"],"_links":{"self":[{"href":"https:\/\/conscordoba.esteri.it\/it\/wp-json\/wp\/v2\/posts\/3987","targetHints":{"allow":["GET"]}}],"collection":[{"href":"https:\/\/conscordoba.esteri.it\/it\/wp-json\/wp\/v2\/posts"}],"about":[{"href":"https:\/\/conscordoba.esteri.it\/it\/wp-json\/wp\/v2\/types\/post"}],"author":[{"embeddable":true,"href":"https:\/\/conscordoba.esteri.it\/it\/wp-json\/wp\/v2\/users\/5"}],"replies":[{"embeddable":true,"href":"https:\/\/conscordoba.esteri.it\/it\/wp-json\/wp\/v2\/comments?post=3987"}],"version-history":[{"count":1,"href":"https:\/\/conscordoba.esteri.it\/it\/wp-json\/wp\/v2\/posts\/3987\/revisions"}],"predecessor-version":[{"id":3989,"href":"https:\/\/conscordoba.esteri.it\/it\/wp-json\/wp\/v2\/posts\/3987\/revisions\/3989"}],"wp:attachment":[{"href":"https:\/\/conscordoba.esteri.it\/it\/wp-json\/wp\/v2\/media?parent=3987"}],"wp:term":[{"taxonomy":"post_tag","embeddable":true,"href":"https:\/\/conscordoba.esteri.it\/it\/wp-json\/wp\/v2\/tags?post=3987"}],"curies":[{"name":"wp","href":"https:\/\/api.w.org\/{rel}","templated":true}]}}