{"id":4138,"date":"2024-09-11T15:07:09","date_gmt":"2024-09-11T13:07:09","guid":{"rendered":"https:\/\/conscordoba.esteri.it\/?p=4138"},"modified":"2024-09-11T15:12:44","modified_gmt":"2024-09-11T13:12:44","slug":"funzionario-itinerante-per-il-rilascio-del-passaporto-la-falda-settembre-2024-per-i-residenti-nei-circondari-di-punilla-e-di-cruz-del-eje","status":"publish","type":"post","link":"https:\/\/conscordoba.esteri.it\/it\/news\/dal_consolato\/2024\/09\/funzionario-itinerante-per-il-rilascio-del-passaporto-la-falda-settembre-2024-per-i-residenti-nei-circondari-di-punilla-e-di-cruz-del-eje\/","title":{"rendered":"FUNZIONARIO ITINERANTE PER IL RILASCIO DEL PASSAPORTO \u2013 La Falda \u2013 Settembre 2024 (per i residenti nei circondari di Punilla e Cruz del Eje)"},"content":{"rendered":"<p style=\"text-align: justify;\"><span style=\"font-family: Calibri,sans-serif; font-size: small;\"><span style=\"font-family: Times New Roman,serif; font-size: medium;\"><span lang=\"it\">Si comunica che l\u2019abilitazione degli appuntamenti per la prossima missione del funzionario itinerante nella citt\u00e0 di La Falda, per l\u2019emissione\/rinnovo del passaporto per i cittadini residenti nei circondari di Punilla e Cruz del Eje, sar\u00e0 il prossimo luned\u00ec 16 settembre 2024. Essa sar\u00e0 rivolta unicamente alle persone residenti nei circondari indicati.<\/span><\/span><\/span><\/p>\n<p style=\"text-align: justify;\"><span style=\"font-family: Calibri,sans-serif; font-size: small;\"><span style=\"font-family: Times New Roman,serif; font-size: medium;\"><span lang=\"it\">Gli appuntamenti si potranno prenotare\u00a0<\/span><\/span><span style=\"font-family: Times New Roman,serif; font-size: medium;\"><span lang=\"it\"><b>solamente via e-mail, all\u2019indirizzo <\/b><\/span><\/span><a href=\"mailto:cordoba.passportinoa@esteri.it\" target=\"_blank\" rel=\"noopener noreferrer\"><span lang=\"it\"><span style=\"color: blue; font-family: Times New Roman,serif; font-size: medium;\"><b>cordoba.passportinoa@esteri.it<\/b><\/span><\/span><\/a><span style=\"font-family: Times New Roman,serif; font-size: medium;\"><span lang=\"it\"><b>\u00a0dalle ore\u00a0<\/b><\/span><\/span><span style=\"font-family: Times New Roman,serif; font-size: medium;\"><span lang=\"it\"><b><u>10:00 alle ore 18:00 del luned\u00ec 16 settembre 2024<\/u><\/b><\/span><\/span><span style=\"font-family: Times New Roman,serif; font-size: medium;\"><span lang=\"it\">.<\/span><\/span><\/span><\/p>\n<p style=\"text-align: justify;\"><span style=\"font-family: Calibri,sans-serif; font-size: small;\"><span style=\"font-family: Times New Roman,serif; font-size: medium;\"><span lang=\"it\">A tal fine, bisogner\u00e0 indicare nell\u2019oggetto della mail <\/span><\/span><span style=\"font-family: Times New Roman,serif; font-size: medium;\"><span lang=\"it\"><b>\u201cMisi\u00f3n Itinerante LA FALDA \u2013 SEPTIEMBRE 2024\u201d<\/b><\/span><\/span><span style=\"font-family: Times New Roman,serif; font-size: medium;\"><span lang=\"it\">\u00a0e il nome del richiedente.<\/span><\/span><\/span><\/p>\n<p style=\"text-align: justify;\"><span style=\"font-family: Calibri,sans-serif; font-size: small;\"><span style=\"font-family: Times New Roman,serif; font-size: medium;\"><span lang=\"it\">Inoltre, si dovranno allegare il\u00a0<\/span><\/span><span style=\"font-family: Times New Roman,serif; font-size: medium;\"><span lang=\"it\"><b>modulo di domanda di appuntamento e il documento d\u2019identit\u00e0<\/b><\/span><\/span><span style=\"font-family: Times New Roman,serif; font-size: medium;\"><span lang=\"it\">\u00a0<\/span><\/span><span style=\"font-family: Times New Roman,serif; font-size: medium;\"><span lang=\"it\"><b>valido<\/b><\/span><\/span><span style=\"font-family: Times New Roman,serif; font-size: medium;\"><span lang=\"it\">\u00a0(DNI) fronte e retro (tutto scannerizzato in un unico file PDF).<\/span><\/span><\/span><\/p>\n<p style=\"text-align: justify;\"><span style=\"font-family: Calibri,sans-serif; font-size: small;\"><span style=\"font-family: Times New Roman,serif; font-size: medium;\"><span lang=\"it\">In seguito, l\u2019Ufficio Passaporti contatter\u00e0\u00a0l\u2019interessato via mail per fornire ulteriori indicazioni sulla procedura da seguire.<\/span><\/span><\/span><\/p>\n<p style=\"text-align: justify;\"><span style=\"font-family: Calibri,sans-serif; font-size: small;\"><span style=\"font-family: Times New Roman,serif;\"><span lang=\"it\">SI COMUNICA, INOLTRE, CHE\u00a0<\/span><\/span><span style=\"font-family: Times New Roman,serif;\"><span lang=\"it\"><u>SARANNO PRESE IN CONSIDERAZIONE UNICAMENTE LE PRIME 250 RICHIESTE<\/u><\/span><\/span><span style=\"font-family: Times New Roman,serif;\"><span lang=\"it\">\u00a0DEGLI UTENTI CHE HANNO I DATI REGOLARMENTE AGGIORNATI SUL NOSTRO REGISTRO CONSOLARE. LE EMAIL INVIATE PRIMA DELLE ORE 10:00 E DOPO LE ORE 18:00 DI LUNED\u00cc 16 SETTEMBRE 2024 NON VERRANNO PRESE IN CONSIDERAZIONE.<\/span><\/span><\/span><\/p>\n<p style=\"text-align: justify;\"><span style=\"font-family: Calibri,sans-serif; font-size: small;\"><span style=\"font-family: Times New Roman,serif; font-size: medium;\"><span lang=\"it\">Per scaricare la domanda clicca qui:<\/span><\/span><span style=\"font-family: Times New Roman,serif; font-size: medium;\"><span lang=\"it\"><b>\u00a0<\/b><\/span><\/span><a href=\"https:\/\/conscordoba.esteri.it\/wp-content\/uploads\/2023\/12\/FORMULARIO-RICHIESTA-TURNO-FUNZIONARIO-ITINERANTE.pdf\" target=\"_blank\" rel=\"noopener noreferrer\"><span lang=\"it\"><span style=\"color: blue; font-family: Times New Roman,serif; font-size: medium;\"><b>Modulo Richiesta<\/b><\/span><\/span><\/a><span style=\"font-family: Times New Roman,serif; font-size: medium;\"><span lang=\"it\"><b>\u00a0<\/b><\/span><\/span><\/span><\/p>\n","protected":false},"excerpt":{"rendered":"Si comunica che l\u2019abilitazione degli appuntamenti per la prossima missione del funzionario itinerante nella citt\u00e0 di La Falda, per l\u2019emissione\/rinnovo del passaporto per i cittadini residenti nei circondari di Punilla e Cruz del Eje, sar\u00e0 il prossimo luned\u00ec 16 settembre 2024. Essa sar\u00e0 rivolta unicamente alle persone residenti nei circondari indicati. Gli appuntamenti si potranno [&hellip;]","protected":false},"author":5,"featured_media":0,"comment_status":"closed","ping_status":"closed","sticky":false,"template":"","format":"standard","meta":{"footnotes":""},"tags":[],"class_list":["post-4138","post","type-post","status-publish","format-standard","hentry"],"_links":{"self":[{"href":"https:\/\/conscordoba.esteri.it\/it\/wp-json\/wp\/v2\/posts\/4138","targetHints":{"allow":["GET"]}}],"collection":[{"href":"https:\/\/conscordoba.esteri.it\/it\/wp-json\/wp\/v2\/posts"}],"about":[{"href":"https:\/\/conscordoba.esteri.it\/it\/wp-json\/wp\/v2\/types\/post"}],"author":[{"embeddable":true,"href":"https:\/\/conscordoba.esteri.it\/it\/wp-json\/wp\/v2\/users\/5"}],"replies":[{"embeddable":true,"href":"https:\/\/conscordoba.esteri.it\/it\/wp-json\/wp\/v2\/comments?post=4138"}],"version-history":[{"count":6,"href":"https:\/\/conscordoba.esteri.it\/it\/wp-json\/wp\/v2\/posts\/4138\/revisions"}],"predecessor-version":[{"id":4176,"href":"https:\/\/conscordoba.esteri.it\/it\/wp-json\/wp\/v2\/posts\/4138\/revisions\/4176"}],"wp:attachment":[{"href":"https:\/\/conscordoba.esteri.it\/it\/wp-json\/wp\/v2\/media?parent=4138"}],"wp:term":[{"taxonomy":"post_tag","embeddable":true,"href":"https:\/\/conscordoba.esteri.it\/it\/wp-json\/wp\/v2\/tags?post=4138"}],"curies":[{"name":"wp","href":"https:\/\/api.w.org\/{rel}","templated":true}]}}