{"id":4211,"date":"2024-09-12T17:24:28","date_gmt":"2024-09-12T15:24:28","guid":{"rendered":"https:\/\/conscordoba.esteri.it\/news\/dal_consolato\/2024\/09\/messaggio-di-saluto-della-console-generale\/"},"modified":"2024-09-12T17:25:04","modified_gmt":"2024-09-12T15:25:04","slug":"messaggio-di-saluto-della-console-generale","status":"publish","type":"post","link":"https:\/\/conscordoba.esteri.it\/it\/news\/dal_consolato\/2024\/09\/messaggio-di-saluto-della-console-generale\/","title":{"rendered":"Messaggio di saluto della Console Generale"},"content":{"rendered":"<p><img loading=\"lazy\" decoding=\"async\" class=\"img-fluid alignnone wp-image-4187\" src=\"https:\/\/conscordoba.esteri.it\/wp-content\/uploads\/2024\/09\/Foto-214x300.jpg\" alt=\"\" width=\"364\" height=\"510\" srcset=\"https:\/\/conscordoba.esteri.it\/wp-content\/uploads\/2024\/09\/Foto-214x300.jpg 214w, https:\/\/conscordoba.esteri.it\/wp-content\/uploads\/2024\/09\/Foto-731x1024.jpg 731w, https:\/\/conscordoba.esteri.it\/wp-content\/uploads\/2024\/09\/Foto-768x1076.jpg 768w, https:\/\/conscordoba.esteri.it\/wp-content\/uploads\/2024\/09\/Foto.jpg 914w\" sizes=\"auto, (max-width: 364px) 100vw, 364px\" \/><\/p>\n<p>&nbsp;<\/p>\n<p style=\"text-align: justify;\">Care e Cari Connazionali,<\/p>\n<p style=\"text-align: justify;\">nell\u2019assumere con entusiasmo le funzioni di Console Generale d\u2019Italia a Cordoba, desidero rivolgere a Voi tutti il mio pi\u00f9 caloroso saluto.<\/p>\n<p style=\"text-align: justify;\">\u00c8 per me un grande onore svolgere questo prestigioso incarico in una vasta Circoscrizione come la nostra, che include le provincie di C\u00f3rdoba, Santiago del Estero, Tucum\u00e1n, Jujuy, Salta, La Rioja e Catamarca.<\/p>\n<p style=\"text-align: justify;\">Assieme alla squadra del Consolato Generale compir\u00f2 ogni sforzo e assicurer\u00f2 il massimo impegno al fine di continuare a garantire servizi consolari sempre pi\u00f9 efficienti, celeri e trasparenti e ad individuare soluzioni sempre pi\u00f9 attente alle necessit\u00e0 dell\u2019utenza, nonch\u00e9 a rafforzare ulteriormente a livello locale le relazioni tra Italia e Argentina.<\/p>\n<p style=\"text-align: justify;\">Questo Consolato Generale &#8211; sotto la guida della nostra Ambasciata &#8211; \u00a0proseguir\u00e0 anche nell\u2019opera di diffusione della lingua e della cultura italiane nella circoscrizione di competenza.<\/p>\n<p style=\"text-align: justify;\">Infine, nel rinnovare i saluti pi\u00f9 cordiali, auguro a tutti Voi una buona navigazione sul sito del Consolato Generale d\u2019Italia a Cordoba.<\/p>\n<p style=\"text-align: right;\">Maria Luisa Lapresa<\/p>\n","protected":false},"excerpt":{"rendered":"&nbsp; Care e Cari Connazionali, nell\u2019assumere con entusiasmo le funzioni di Console Generale d\u2019Italia a Cordoba, desidero rivolgere a Voi tutti il mio pi\u00f9 caloroso saluto. \u00c8 per me un grande onore svolgere questo prestigioso incarico in una vasta Circoscrizione come la nostra, che include le provincie di C\u00f3rdoba, Santiago del Estero, Tucum\u00e1n, Jujuy, Salta, [&hellip;]","protected":false},"author":5,"featured_media":0,"comment_status":"closed","ping_status":"closed","sticky":false,"template":"","format":"standard","meta":{"footnotes":""},"tags":[],"class_list":["post-4211","post","type-post","status-publish","format-standard","hentry"],"_links":{"self":[{"href":"https:\/\/conscordoba.esteri.it\/it\/wp-json\/wp\/v2\/posts\/4211","targetHints":{"allow":["GET"]}}],"collection":[{"href":"https:\/\/conscordoba.esteri.it\/it\/wp-json\/wp\/v2\/posts"}],"about":[{"href":"https:\/\/conscordoba.esteri.it\/it\/wp-json\/wp\/v2\/types\/post"}],"author":[{"embeddable":true,"href":"https:\/\/conscordoba.esteri.it\/it\/wp-json\/wp\/v2\/users\/5"}],"replies":[{"embeddable":true,"href":"https:\/\/conscordoba.esteri.it\/it\/wp-json\/wp\/v2\/comments?post=4211"}],"version-history":[{"count":1,"href":"https:\/\/conscordoba.esteri.it\/it\/wp-json\/wp\/v2\/posts\/4211\/revisions"}],"predecessor-version":[{"id":4214,"href":"https:\/\/conscordoba.esteri.it\/it\/wp-json\/wp\/v2\/posts\/4211\/revisions\/4214"}],"wp:attachment":[{"href":"https:\/\/conscordoba.esteri.it\/it\/wp-json\/wp\/v2\/media?parent=4211"}],"wp:term":[{"taxonomy":"post_tag","embeddable":true,"href":"https:\/\/conscordoba.esteri.it\/it\/wp-json\/wp\/v2\/tags?post=4211"}],"curies":[{"name":"wp","href":"https:\/\/api.w.org\/{rel}","templated":true}]}}