{"id":4991,"date":"2025-02-05T17:25:42","date_gmt":"2025-02-05T16:25:42","guid":{"rendered":"https:\/\/conscordoba.esteri.it\/?p=4991"},"modified":"2025-02-05T17:25:42","modified_gmt":"2025-02-05T16:25:42","slug":"funzionario-itinerante-per-il-rilascio-del-passaporto-colonia-caroya-marzo-2025-per-i-residenti-nei-circondari-di-colon-totoral-punilla-pocho-san-alberto-e-san-javie","status":"publish","type":"post","link":"https:\/\/conscordoba.esteri.it\/it\/news\/dal_consolato\/2025\/02\/funzionario-itinerante-per-il-rilascio-del-passaporto-colonia-caroya-marzo-2025-per-i-residenti-nei-circondari-di-colon-totoral-punilla-pocho-san-alberto-e-san-javie\/","title":{"rendered":"FUNZIONARIO ITINERANTE PER IL RILASCIO DEL PASSAPORTO \u2013 Colonia Caroya \u2013 marzo 2025 \u2013 (per i residenti nei circondari di Col\u00f3n, Totoral, Punilla, Pocho, San Alberto e San Javier)"},"content":{"rendered":"<div style=\"text-align: justify;\" align=\"justify\"><span style=\"font-family: Calibri,sans-serif; font-size: small;\"><span style=\"font-family: Times New Roman,serif; font-size: large;\">Si comunica che l\u2019abilitazione degli appuntamenti per la prossima missione del funzionario itinerante nella citt\u00e0 di Colonia Caroya, per l\u2019emissione\/rinnovo del passaporto per i cittadini<\/span><span style=\"font-family: Times New Roman,serif; font-size: large;\">\u00a0<\/span><span style=\"font-family: Times New Roman,serif; font-size: large;\">residenti nei circondari di Col\u00f3n, Totoral, Punilla, Pocho, San Alberto e San Javier, sar\u00e0 il prossimo luned\u00ec 10 febbraio 2025. Essa sar\u00e0 rivolta unicamente alle persone residenti nei circondari suindicati.<\/span><\/span><\/div>\n<div style=\"text-align: justify;\" align=\"justify\"><span style=\"font-family: Calibri,sans-serif; font-size: small;\"><span style=\"font-family: Times New Roman,serif; font-size: large;\">\u00a0<\/span><\/span><\/div>\n<div style=\"text-align: justify;\" align=\"justify\"><span style=\"font-family: Calibri,sans-serif; font-size: small;\"><span style=\"font-family: Times New Roman,serif; font-size: large;\">Gli appuntamenti si potranno prenotare\u00a0<\/span><span style=\"font-family: Times New Roman,serif; font-size: large;\"><b>solamente via e-mail all\u2019indirizzo\u00a0<\/b><\/span><a href=\"mailto:cordoba.passportinoa@esteri.it\" target=\"_blank\" rel=\"noopener noreferrer\"><span style=\"color: blue; font-family: Times New Roman,serif; font-size: large;\"><b>cordoba.passportinoa@esteri.it<\/b><\/span><\/a><span style=\"font-family: Times New Roman,serif; font-size: large;\"><b>\u00a0dalle ore\u00a010:00 alle ore 18:00 del luned\u00ec 10 febbraio 2025<\/b><\/span><span style=\"font-family: Times New Roman,serif; font-size: large;\">.<\/span><\/span><\/div>\n<div style=\"text-align: justify;\" align=\"justify\"><span style=\"font-family: Calibri,sans-serif; font-size: small;\"><span style=\"font-family: Times New Roman,serif; font-size: large;\">\u00a0<\/span><\/span><\/div>\n<div style=\"text-align: justify;\" align=\"justify\"><span style=\"font-family: Calibri,sans-serif; font-size: small;\"><span style=\"font-family: Times New Roman,serif; font-size: large;\">A tal fine, bisogner\u00e0 indicare nell\u2019oggetto della e-mail\u00a0<\/span><span style=\"font-family: Times New Roman,serif; font-size: large;\"><b>\u201cMisi\u00f3n Itinerante Colonia Caroya \u2013 marzo 2025\u201d<\/b><\/span><span style=\"font-family: Times New Roman,serif; font-size: large;\">\u00a0e il nome del richiedente.<\/span><\/span><\/div>\n<div style=\"text-align: justify;\" align=\"justify\"><span style=\"font-family: Calibri,sans-serif; font-size: small;\"><span style=\"font-family: Times New Roman,serif; font-size: large;\">\u00a0<\/span><\/span><\/div>\n<div style=\"text-align: justify;\" align=\"justify\"><span style=\"font-family: Calibri,sans-serif; font-size: small;\"><span style=\"font-family: Times New Roman,serif; font-size: large;\">Inoltre, si dovranno allegare in un unico file PDF:<\/span><\/span><\/div>\n<div style=\"text-align: justify;\" align=\"justify\"><span style=\"font-family: Calibri,sans-serif; font-size: small;\"><span style=\"font-family: Times New Roman,serif; font-size: large;\"><b>&#8211; il documento d\u2019identit\u00e0<\/b><\/span><span style=\"font-family: Times New Roman,serif; font-size: large;\">\u00a0<\/span><span style=\"font-family: Times New Roman,serif; font-size: large;\"><b>valido<\/b><\/span><span style=\"font-family: Times New Roman,serif; font-size: large;\">\u00a0(<\/span><span style=\"font-family: Times New Roman,serif; font-size: large;\"><b>DNI<\/b><\/span><span style=\"font-family: Times New Roman,serif; font-size: large;\">) fronte e retro dell\u2019interessato\/a (in caso di richiesta appuntamento per figlio\/a minore, allegare altres\u00ec i documenti d\u2019identit\u00e0 di entrambi i genitori);<\/span><\/span><\/div>\n<div style=\"text-align: justify;\" align=\"justify\"><span style=\"font-family: Calibri,sans-serif; font-size: small;\"><span style=\"font-family: Times New Roman,serif; font-size: large;\"><b>&#8211;\u00a0<\/b><\/span><span style=\"font-family: Times New Roman,serif; font-size: large;\">il\u00a0<\/span><span style=\"font-family: Times New Roman,serif; font-size: large;\"><b>modulo di domanda di appuntamento,\u00a0<\/b><\/span><span style=\"font-family: Times New Roman,serif; font-size: large;\">interamente compilato, rispondendo ad ogni voce (ad esempio, stato civile, quantit\u00e0 di figli minori, indirizzo). In caso di presentare incompleto il modulo e\/o senza firma olografa, oppure di non allegare un documento d\u2019identit\u00e0, l\u2019appuntamento potrebbe non essere assegnato.<\/span><\/span><\/div>\n<div style=\"text-align: justify;\" align=\"justify\"><span style=\"font-family: Calibri,sans-serif; font-size: small;\"><span style=\"font-family: Times New Roman,serif; font-size: large;\"><b>\u00a0<\/b><\/span><\/span><\/div>\n<div style=\"text-align: justify;\" align=\"justify\"><span style=\"font-family: Calibri,sans-serif; font-size: small;\"><span style=\"font-family: Times New Roman,serif; font-size: large;\">In seguito, l\u2019Ufficio Passaporti contatter\u00e0\u00a0l\u2019interessato via mail per fornire ulteriori indicazioni sulla procedura da seguire.<\/span><\/span><\/div>\n<div style=\"text-align: justify;\" align=\"justify\"><span style=\"font-family: Calibri,sans-serif; font-size: small;\"><span style=\"font-family: Times New Roman,serif; font-size: large;\">\u00a0<\/span><\/span><\/div>\n<div style=\"text-align: justify;\" align=\"justify\"><span style=\"font-family: Calibri,sans-serif; font-size: small;\"><span style=\"font-family: Times New Roman,serif; font-size: large;\">Si comunica, inoltre, che\u00a0<\/span><span style=\"font-family: Times New Roman,serif; font-size: large;\"><u>saranno prese in considerazione unicamente le richieste degli utenti che hanno i dati regolarmente aggiornati sul nostro registro consolare.<\/u><\/span><span style=\"font-family: Times New Roman,serif; font-size: large;\">\u00a0<\/span><\/span><\/div>\n<div style=\"text-align: justify;\" align=\"justify\"><span style=\"font-family: Calibri,sans-serif; font-size: small;\"><span style=\"font-family: Times New Roman,serif; font-size: large;\">\u00a0<\/span><\/span><\/div>\n<div style=\"text-align: justify;\" align=\"justify\"><span style=\"font-family: Calibri,sans-serif; font-size: small;\"><span style=\"font-family: Times New Roman,serif; font-size: large;\"><b>LE EMAIL INVIATE PRIMA DELLE ORE 10:00 E DOPO LE ORE 18:00 DI LUNED\u00cc 10 FEBBRAIO 2025 NON VERRANNO PRESE IN CONSIDERAZIONE.<\/b><\/span><\/span><\/div>\n<div style=\"text-align: justify;\" align=\"justify\"><span style=\"font-family: Calibri,sans-serif; font-size: small;\"><span style=\"font-family: Times New Roman,serif; font-size: large;\">Per scaricare la domanda clicca qui:<\/span><span style=\"font-family: Times New Roman,serif; font-size: large;\"><b>\u00a0<\/b><\/span><a href=\"https:\/\/conscordoba.esteri.it\/wp-content\/uploads\/2023\/12\/FORMULARIO-RICHIESTA-TURNO-FUNZIONARIO-ITINERANTE.pdf\" target=\"_blank\" rel=\"noopener noreferrer\"><span style=\"color: blue; font-family: Times New Roman,serif; font-size: large;\"><b>Modulo Richiesta<\/b><\/span><\/a><\/span><\/div>\n","protected":false},"excerpt":{"rendered":"Si comunica che l\u2019abilitazione degli appuntamenti per la prossima missione del funzionario itinerante nella citt\u00e0 di Colonia Caroya, per l\u2019emissione\/rinnovo del passaporto per i cittadini\u00a0residenti nei circondari di Col\u00f3n, Totoral, Punilla, Pocho, San Alberto e San Javier, sar\u00e0 il prossimo luned\u00ec 10 febbraio 2025. Essa sar\u00e0 rivolta unicamente alle persone residenti nei circondari suindicati. \u00a0 [&hellip;]","protected":false},"author":5,"featured_media":0,"comment_status":"closed","ping_status":"closed","sticky":false,"template":"","format":"standard","meta":{"footnotes":""},"tags":[],"class_list":["post-4991","post","type-post","status-publish","format-standard","hentry"],"_links":{"self":[{"href":"https:\/\/conscordoba.esteri.it\/it\/wp-json\/wp\/v2\/posts\/4991","targetHints":{"allow":["GET"]}}],"collection":[{"href":"https:\/\/conscordoba.esteri.it\/it\/wp-json\/wp\/v2\/posts"}],"about":[{"href":"https:\/\/conscordoba.esteri.it\/it\/wp-json\/wp\/v2\/types\/post"}],"author":[{"embeddable":true,"href":"https:\/\/conscordoba.esteri.it\/it\/wp-json\/wp\/v2\/users\/5"}],"replies":[{"embeddable":true,"href":"https:\/\/conscordoba.esteri.it\/it\/wp-json\/wp\/v2\/comments?post=4991"}],"version-history":[{"count":1,"href":"https:\/\/conscordoba.esteri.it\/it\/wp-json\/wp\/v2\/posts\/4991\/revisions"}],"predecessor-version":[{"id":4994,"href":"https:\/\/conscordoba.esteri.it\/it\/wp-json\/wp\/v2\/posts\/4991\/revisions\/4994"}],"wp:attachment":[{"href":"https:\/\/conscordoba.esteri.it\/it\/wp-json\/wp\/v2\/media?parent=4991"}],"wp:term":[{"taxonomy":"post_tag","embeddable":true,"href":"https:\/\/conscordoba.esteri.it\/it\/wp-json\/wp\/v2\/tags?post=4991"}],"curies":[{"name":"wp","href":"https:\/\/api.w.org\/{rel}","templated":true}]}}