{"id":748,"date":"2023-08-04T18:46:30","date_gmt":"2023-08-04T16:46:30","guid":{"rendered":"https:\/\/conscordoba.esteri.it\/news\/dal_consolato\/2023\/08\/funzionario-itinerante-per-il-rilascio_8\/"},"modified":"2023-08-04T18:46:30","modified_gmt":"2023-08-04T16:46:30","slug":"funzionario-itinerante-per-il-rilascio_8","status":"publish","type":"post","link":"https:\/\/conscordoba.esteri.it\/it\/news\/dal_consolato\/2023\/08\/funzionario-itinerante-per-il-rilascio_8\/","title":{"rendered":"FUNZIONARIO ITINERANTE PER IL RILASCIO DEL PASSAPORTO \u2013 SANTIAGO DEL ESTERO"},"content":{"rendered":"<p><strong>FUNZIONARIO ITINERANTE PER IL RILASCIO DEL PASSAPORTO \u2013 SANTIAGO DEL ESTERO<\/strong><\/p>\n<p>Si comunica che l\u2019abilitazione degli appuntamenti per la prossima missione del funzionario itinerante nella citt\u00e0 di Santiago del Estero avverr\u00e0 il prossimo 7 agosto. Sar\u00e0 rivolta unicamente alle persone residenti nelle citt\u00e0 e provincia di Santiago del Estero.<\/p>\n<p>Gli appuntamenti si potranno prenotare <strong>solamente via mail all\u2019indirizzo <a href=\"mailto:cordoba.passportinoa@esteri.it\">cordoba.passportinoa@esteri.it<\/a> dalle ore 00:01 del 7 agosto alle 24:00 dello stesso giorno, 7 agosto<\/strong>. A tale fine bisogner\u00e0 indicare nella mail il nome del richiedente e allegare il documento d\u2019identit\u00e0 (DNI) fronte e retro. L\u2019ufficio Passaporti contatter\u00e0 poi l\u2019interessato via mail per indicare come procedere.<\/p>\n<p><em>LE MAIL INVIATE PRIMA DEL 7 AGOSTO O DOPO TALE DATA NON VERRANNO PRESE IN CONSIDERAZIONE.<\/em><\/p>\n<p>\u00a0<\/p>\n<p>Per scaricare il modulo di domanda, fare click <a href=\"resource\/doc\/2023\/08\/funzionario_itinerante_santiago.pdf\"><span style=\"text-decoration: underline;\"><strong>QUI<\/strong><\/span><\/a><\/p>\n","protected":false},"excerpt":{"rendered":"FUNZIONARIO ITINERANTE PER IL RILASCIO DEL PASSAPORTO \u2013 SANTIAGO DEL ESTERO Si comunica che l\u2019abilitazione degli appuntamenti per la prossima missione del funzionario itinerante nella citt\u00e0 di Santiago del Estero avverr\u00e0 il prossimo 7 agosto. Sar\u00e0 rivolta unicamente alle persone residenti nelle citt\u00e0 e provincia di Santiago del Estero. Gli appuntamenti si potranno prenotare solamente [&hellip;]","protected":false},"author":1,"featured_media":0,"comment_status":"","ping_status":"","sticky":false,"template":"","format":"standard","meta":{"footnotes":""},"tags":[],"class_list":["post-748","post","type-post","status-publish","format-standard","hentry"],"_links":{"self":[{"href":"https:\/\/conscordoba.esteri.it\/it\/wp-json\/wp\/v2\/posts\/748","targetHints":{"allow":["GET"]}}],"collection":[{"href":"https:\/\/conscordoba.esteri.it\/it\/wp-json\/wp\/v2\/posts"}],"about":[{"href":"https:\/\/conscordoba.esteri.it\/it\/wp-json\/wp\/v2\/types\/post"}],"author":[{"embeddable":true,"href":"https:\/\/conscordoba.esteri.it\/it\/wp-json\/wp\/v2\/users\/1"}],"replies":[{"embeddable":true,"href":"https:\/\/conscordoba.esteri.it\/it\/wp-json\/wp\/v2\/comments?post=748"}],"version-history":[{"count":0,"href":"https:\/\/conscordoba.esteri.it\/it\/wp-json\/wp\/v2\/posts\/748\/revisions"}],"wp:attachment":[{"href":"https:\/\/conscordoba.esteri.it\/it\/wp-json\/wp\/v2\/media?parent=748"}],"wp:term":[{"taxonomy":"post_tag","embeddable":true,"href":"https:\/\/conscordoba.esteri.it\/it\/wp-json\/wp\/v2\/tags?post=748"}],"curies":[{"name":"wp","href":"https:\/\/api.w.org\/{rel}","templated":true}]}}