{"id":757,"date":"2023-05-26T18:59:51","date_gmt":"2023-05-26T16:59:51","guid":{"rendered":"https:\/\/conscordoba.esteri.it\/news\/dal_consolato\/2023\/05\/festa-della-repubblica-2023\/"},"modified":"2023-10-11T14:47:30","modified_gmt":"2023-10-11T12:47:30","slug":"festa-della-repubblica-2023","status":"publish","type":"post","link":"https:\/\/conscordoba.esteri.it\/it\/news\/dal_consolato\/2023\/05\/festa-della-repubblica-2023\/","title":{"rendered":"Festa della Repubblica Italiana 2023"},"content":{"rendered":"<p style=\"text-align: center;\"><span style=\"text-decoration: underline;\"><strong>Festa della Repubblica<\/strong><\/span><\/p>\n<p style=\"text-align: center;\"><strong>Concierto para el 77\u00ba Aniversario de la Rep\u00fablica Italiana<\/strong><\/p>\n<p style=\"text-align: justify;\">El Consulado General de Italia en C\u00f3rdoba y el Instituto Italiano de Cultura de C\u00f3rdoba invitan al concierto de la Orquesta Sinf\u00f3nica de la Provincia con la direcci\u00f3n del maestro Lorenzo Tazzieri y la participaci\u00f3n del Coro Polifonico de la Provincia y los artistas Davide Piaggio y Marina Silva.<\/p>\n<ul style=\"text-align: justify;\">\n<li>La cita es el 03 de Junio a las 21hs en la Sala Mayor del Teatro del Libertador San Mart\u00edn.<\/li>\n<li>Las entradas generales se podr\u00e1n retirar en el Consulado General de Italia en C\u00f3rdoba (Av. V\u00e9lez Sarsfield 360) los d\u00edas 30\/05, 31\/05 y 01\/06 de 12.00 a 14.00 hs. hasta agotar lugares.<\/li>\n<\/ul>\n<p style=\"text-align: justify;\"><span style=\"text-decoration: underline;\">Sobre los artistas:<\/span><\/p>\n<ul>\n<li style=\"text-align: justify;\">El maestro Lorenzo Tazzieri es uno de los exponentes m\u00e1s reconocidos de la nueva generaci\u00f3n italiana de\u00a0directores de orquesta. Es el director art\u00edstico y musical del Festival de \u00d3pera de Chile, Argentina Festival de \u00d3pera, el Festival de Piano Claudio Arrau y el Festival Internacional de la Juventud de M\u00fasica de G\u00e9nova.<\/li>\n<li style=\"text-align: justify;\">Solistas invitados: Marina Silva (soprano) y Davide Piaggio (tenor).<\/li>\n<li style=\"text-align: justify;\">Orquesta Sinf\u00f3nica de C\u00f3rdoba, director art\u00edstico: JongWhi Vakh<\/li>\n<li style=\"text-align: justify;\">Coro Polif\u00f3nico de C\u00f3rdoba, director art\u00edstico: Camilo Santostefano.<\/li>\n<\/ul>\n","protected":false},"excerpt":{"rendered":"Festa della Repubblica Concierto para el 77\u00ba Aniversario de la Rep\u00fablica Italiana El Consulado General de Italia en C\u00f3rdoba y el Instituto Italiano de Cultura de C\u00f3rdoba invitan al concierto de la Orquesta Sinf\u00f3nica de la Provincia con la direcci\u00f3n del maestro Lorenzo Tazzieri y la participaci\u00f3n del Coro Polifonico de la Provincia y los [&hellip;]","protected":false},"author":1,"featured_media":0,"comment_status":"closed","ping_status":"closed","sticky":false,"template":"","format":"standard","meta":{"footnotes":""},"tags":[],"class_list":["post-757","post","type-post","status-publish","format-standard","hentry"],"_links":{"self":[{"href":"https:\/\/conscordoba.esteri.it\/it\/wp-json\/wp\/v2\/posts\/757","targetHints":{"allow":["GET"]}}],"collection":[{"href":"https:\/\/conscordoba.esteri.it\/it\/wp-json\/wp\/v2\/posts"}],"about":[{"href":"https:\/\/conscordoba.esteri.it\/it\/wp-json\/wp\/v2\/types\/post"}],"author":[{"embeddable":true,"href":"https:\/\/conscordoba.esteri.it\/it\/wp-json\/wp\/v2\/users\/1"}],"replies":[{"embeddable":true,"href":"https:\/\/conscordoba.esteri.it\/it\/wp-json\/wp\/v2\/comments?post=757"}],"version-history":[{"count":1,"href":"https:\/\/conscordoba.esteri.it\/it\/wp-json\/wp\/v2\/posts\/757\/revisions"}],"predecessor-version":[{"id":1884,"href":"https:\/\/conscordoba.esteri.it\/it\/wp-json\/wp\/v2\/posts\/757\/revisions\/1884"}],"wp:attachment":[{"href":"https:\/\/conscordoba.esteri.it\/it\/wp-json\/wp\/v2\/media?parent=757"}],"wp:term":[{"taxonomy":"post_tag","embeddable":true,"href":"https:\/\/conscordoba.esteri.it\/it\/wp-json\/wp\/v2\/tags?post=757"}],"curies":[{"name":"wp","href":"https:\/\/api.w.org\/{rel}","templated":true}]}}