{"id":787,"date":"2023-03-24T18:37:29","date_gmt":"2023-03-24T17:37:29","guid":{"rendered":"https:\/\/conscordoba.esteri.it\/news\/dal_consolato\/2023\/03\/sei-a-buenos-aires-il-14-maggio\/"},"modified":"2023-10-11T14:52:36","modified_gmt":"2023-10-11T12:52:36","slug":"sei-a-buenos-aires-il-14-maggio","status":"publish","type":"post","link":"https:\/\/conscordoba.esteri.it\/it\/news\/dal_consolato\/2023\/03\/sei-a-buenos-aires-il-14-maggio\/","title":{"rendered":"Sei a Buenos Aires il 14 maggio? Partecipa alla prima MARATANA!"},"content":{"rendered":"<p style=\"text-align: justify;\">Il Consolato Generale d&#8217;Italia in Buenos Aires \u00e8 lieto di invitarvi a partecipare alla<strong> MARATANA:<\/strong> il primo evento legato al running destinato alla comunit\u00e0 italiana, che si svolger\u00e0 domenica <strong>14 maggio p.v.<\/strong><\/p>\n<p style=\"text-align: justify;\"><strong>RiperCORRI la tua cultura<\/strong> con la prima <strong>MARATANA<\/strong> \u00e8 il motto dell&#8217;evento: la corsa va infatti intesa come elemento identitario e di riconoscimento collettivo e rappresenta la coesione perfetta tra cultura e identit\u00e0: si tratter\u00e0 di un&#8217;occasione di convivialit\u00e0 che richiamer\u00e0 e coinvolger\u00e0 per le strade della citt\u00e0 numerosi partecipanti impegnati in un percorso a scelta di 3, 10 o 21 chilometri.<\/p>\n<p style=\"text-align: justify;\">Parte del ricavato della <strong>MARATANA<\/strong> sar\u00e0 devoluto a favore della <strong>Comunit\u00e0 di Sant&#8217;Egidio.<\/strong><\/p>\n<ul>\n<li style=\"text-align: justify;\">Nelle immagini troverete i <strong>codici QR per le iscrizioni!<\/strong><\/li>\n<\/ul>\n","protected":false},"excerpt":{"rendered":"Il Consolato Generale d&#8217;Italia in Buenos Aires \u00e8 lieto di invitarvi a partecipare alla MARATANA: il primo evento legato al running destinato alla comunit\u00e0 italiana, che si svolger\u00e0 domenica 14 maggio p.v. RiperCORRI la tua cultura con la prima MARATANA \u00e8 il motto dell&#8217;evento: la corsa va infatti intesa come elemento identitario e di riconoscimento [&hellip;]","protected":false},"author":1,"featured_media":0,"comment_status":"closed","ping_status":"closed","sticky":false,"template":"","format":"standard","meta":{"footnotes":""},"tags":[],"class_list":["post-787","post","type-post","status-publish","format-standard","hentry"],"_links":{"self":[{"href":"https:\/\/conscordoba.esteri.it\/it\/wp-json\/wp\/v2\/posts\/787","targetHints":{"allow":["GET"]}}],"collection":[{"href":"https:\/\/conscordoba.esteri.it\/it\/wp-json\/wp\/v2\/posts"}],"about":[{"href":"https:\/\/conscordoba.esteri.it\/it\/wp-json\/wp\/v2\/types\/post"}],"author":[{"embeddable":true,"href":"https:\/\/conscordoba.esteri.it\/it\/wp-json\/wp\/v2\/users\/1"}],"replies":[{"embeddable":true,"href":"https:\/\/conscordoba.esteri.it\/it\/wp-json\/wp\/v2\/comments?post=787"}],"version-history":[{"count":1,"href":"https:\/\/conscordoba.esteri.it\/it\/wp-json\/wp\/v2\/posts\/787\/revisions"}],"predecessor-version":[{"id":1888,"href":"https:\/\/conscordoba.esteri.it\/it\/wp-json\/wp\/v2\/posts\/787\/revisions\/1888"}],"wp:attachment":[{"href":"https:\/\/conscordoba.esteri.it\/it\/wp-json\/wp\/v2\/media?parent=787"}],"wp:term":[{"taxonomy":"post_tag","embeddable":true,"href":"https:\/\/conscordoba.esteri.it\/it\/wp-json\/wp\/v2\/tags?post=787"}],"curies":[{"name":"wp","href":"https:\/\/api.w.org\/{rel}","templated":true}]}}