{"id":793,"date":"2023-03-07T18:38:03","date_gmt":"2023-03-07T17:38:03","guid":{"rendered":"https:\/\/conscordoba.esteri.it\/news\/dal_consolato\/2023\/03\/italian-design-day\/"},"modified":"2023-10-11T14:52:56","modified_gmt":"2023-10-11T12:52:56","slug":"italian-design-day","status":"publish","type":"post","link":"https:\/\/conscordoba.esteri.it\/it\/news\/dal_consolato\/2023\/03\/italian-design-day\/","title":{"rendered":"Italian Design Day"},"content":{"rendered":"<p style=\"text-align: justify;\">El mi\u00e9rcoles 8 de marzo a las 13 horas de Argentina (17 horas de Italia) tendr\u00e1 lugar, en la Farnesina, el evento de presentaci\u00f3n de la VII edici\u00f3n del D\u00eda del Dise\u00f1o Italiano \u2014Italian Design Day\u2014 cuyo t\u00edtulo ser\u00e1<em><strong> &#8220;<span style=\"text-decoration: underline;\">La calidad que ilumina: la energ\u00eda del design para las personas y para el ambiente<\/span>&#8220;<\/strong><\/em>.<\/p>\n<p style=\"text-align: justify;\">Del evento \u2014moderado por la periodista de Interni Magazine, Patrizia Catalano, e inaugurado por el Director General para la Promoci\u00f3n del Sistema Pa\u00eds, Lorenzo Angeloni\u2014 participar\u00e1n el Vicepresidente del Consejo de Ministros y Ministro de Relaciones Exteriores y Cooperaci\u00f3n Internacional, Antonio Tajani, el Ministro de Empresas y del Made in Italy, Adolfo Urso y el Director General de la Direcci\u00f3n General de Creatividad Contempor\u00e1nea del Ministerio de Cultura, Onofrio Cutaia, junto a otros interlocutores calificados de la cadena de producci\u00f3n italiana del sector del dise\u00f1o.<\/p>\n","protected":false},"excerpt":{"rendered":"El mi\u00e9rcoles 8 de marzo a las 13 horas de Argentina (17 horas de Italia) tendr\u00e1 lugar, en la Farnesina, el evento de presentaci\u00f3n de la VII edici\u00f3n del D\u00eda del Dise\u00f1o Italiano \u2014Italian Design Day\u2014 cuyo t\u00edtulo ser\u00e1 &#8220;La calidad que ilumina: la energ\u00eda del design para las personas y para el ambiente&#8220;. Del [&hellip;]","protected":false},"author":1,"featured_media":0,"comment_status":"closed","ping_status":"closed","sticky":false,"template":"","format":"standard","meta":{"footnotes":""},"tags":[],"class_list":["post-793","post","type-post","status-publish","format-standard","hentry"],"_links":{"self":[{"href":"https:\/\/conscordoba.esteri.it\/it\/wp-json\/wp\/v2\/posts\/793","targetHints":{"allow":["GET"]}}],"collection":[{"href":"https:\/\/conscordoba.esteri.it\/it\/wp-json\/wp\/v2\/posts"}],"about":[{"href":"https:\/\/conscordoba.esteri.it\/it\/wp-json\/wp\/v2\/types\/post"}],"author":[{"embeddable":true,"href":"https:\/\/conscordoba.esteri.it\/it\/wp-json\/wp\/v2\/users\/1"}],"replies":[{"embeddable":true,"href":"https:\/\/conscordoba.esteri.it\/it\/wp-json\/wp\/v2\/comments?post=793"}],"version-history":[{"count":1,"href":"https:\/\/conscordoba.esteri.it\/it\/wp-json\/wp\/v2\/posts\/793\/revisions"}],"predecessor-version":[{"id":1890,"href":"https:\/\/conscordoba.esteri.it\/it\/wp-json\/wp\/v2\/posts\/793\/revisions\/1890"}],"wp:attachment":[{"href":"https:\/\/conscordoba.esteri.it\/it\/wp-json\/wp\/v2\/media?parent=793"}],"wp:term":[{"taxonomy":"post_tag","embeddable":true,"href":"https:\/\/conscordoba.esteri.it\/it\/wp-json\/wp\/v2\/tags?post=793"}],"curies":[{"name":"wp","href":"https:\/\/api.w.org\/{rel}","templated":true}]}}