{"id":833,"date":"2023-01-17T17:09:08","date_gmt":"2023-01-17T16:09:08","guid":{"rendered":"https:\/\/conscordoba.esteri.it\/news\/dal_consolato\/2023\/01\/riapertura-del-servizio-di-attenzione\/"},"modified":"2023-01-17T17:09:08","modified_gmt":"2023-01-17T16:09:08","slug":"riapertura-del-servizio-di-attenzione","status":"publish","type":"post","link":"https:\/\/conscordoba.esteri.it\/it\/news\/dal_consolato\/2023\/01\/riapertura-del-servizio-di-attenzione\/","title":{"rendered":"Riapertura del servizio di attenzione telefonica"},"content":{"rendered":"<p style=\"text-align: justify;\">Avviso importante: Riapertura del servizio di <strong>Call Center<\/strong>!<\/p>\n<p style=\"text-align: justify;\"><span style=\"text-decoration: underline;\">Giorni e orari di attenzione<\/span>:<\/p>\n<ul>\n<li style=\"text-align: justify;\">Luned\u00ec &#8211; Mercoled\u00ec &#8211; Venerd\u00ec: Dalle ore 13 alle ore 15.<\/li>\n<li style=\"text-align: justify;\">Marted\u00ec &#8211; Gioved\u00ec: Dalle ore 11 alle ore 13.<\/li>\n<\/ul>\n","protected":false},"excerpt":{"rendered":"Avviso importante: Riapertura del servizio di Call Center! Giorni e orari di attenzione: Luned\u00ec &#8211; Mercoled\u00ec &#8211; Venerd\u00ec: Dalle ore 13 alle ore 15. Marted\u00ec &#8211; Gioved\u00ec: Dalle ore 11 alle ore 13.","protected":false},"author":1,"featured_media":0,"comment_status":"","ping_status":"","sticky":false,"template":"","format":"standard","meta":{"footnotes":""},"tags":[],"class_list":["post-833","post","type-post","status-publish","format-standard","hentry"],"_links":{"self":[{"href":"https:\/\/conscordoba.esteri.it\/it\/wp-json\/wp\/v2\/posts\/833","targetHints":{"allow":["GET"]}}],"collection":[{"href":"https:\/\/conscordoba.esteri.it\/it\/wp-json\/wp\/v2\/posts"}],"about":[{"href":"https:\/\/conscordoba.esteri.it\/it\/wp-json\/wp\/v2\/types\/post"}],"author":[{"embeddable":true,"href":"https:\/\/conscordoba.esteri.it\/it\/wp-json\/wp\/v2\/users\/1"}],"replies":[{"embeddable":true,"href":"https:\/\/conscordoba.esteri.it\/it\/wp-json\/wp\/v2\/comments?post=833"}],"version-history":[{"count":0,"href":"https:\/\/conscordoba.esteri.it\/it\/wp-json\/wp\/v2\/posts\/833\/revisions"}],"wp:attachment":[{"href":"https:\/\/conscordoba.esteri.it\/it\/wp-json\/wp\/v2\/media?parent=833"}],"wp:term":[{"taxonomy":"post_tag","embeddable":true,"href":"https:\/\/conscordoba.esteri.it\/it\/wp-json\/wp\/v2\/tags?post=833"}],"curies":[{"name":"wp","href":"https:\/\/api.w.org\/{rel}","templated":true}]}}