{"id":843,"date":"2022-12-29T13:53:19","date_gmt":"2022-12-29T12:53:19","guid":{"rendered":"https:\/\/conscordoba.esteri.it\/news\/dal_consolato\/2022\/12\/calendario-delle-festivita-2023\/"},"modified":"2022-12-29T13:53:19","modified_gmt":"2022-12-29T12:53:19","slug":"calendario-delle-festivita-2023","status":"publish","type":"post","link":"https:\/\/conscordoba.esteri.it\/it\/news\/dal_consolato\/2022\/12\/calendario-delle-festivita-2023\/","title":{"rendered":"Calendario delle Festivit\u00e0 2023"},"content":{"rendered":"<p style=\"text-align: justify;\">Si elencano di seguito le\u00a0<span style=\"text-decoration: underline;\"><strong>FESTIVIT\u00c0\u00a0del 2023<\/strong><\/span> nelle quali il Consolato generale<em> <span style=\"text-decoration: underline;\">rimarr\u00e0 chiuso<\/span><\/em>:<\/p>\n<ul style=\"list-style-type: square;\">\n<li style=\"text-align: justify;\">1 gennaio: Capodanno.<\/li>\n<li style=\"text-align: justify;\">7 aprile: Venerd\u00ec Santo.<\/li>\n<li style=\"text-align: justify;\">10 aprile: Luned\u00ec dell&#8217;Angelo.<\/li>\n<li style=\"text-align: justify;\">25 aprile: Festa della Liberazione.<\/li>\n<li style=\"text-align: justify;\">1 maggio: Festa del Lavoro.<\/li>\n<li style=\"text-align: justify;\">25 maggio: Proclama della Libert\u00e0 (D\u00eda de la Revoluci\u00f3n de Mayo).<\/li>\n<li style=\"text-align: justify;\">2 giugno: Festa della Repubblica.<\/li>\n<li style=\"text-align: justify;\">9 luglio: Dichiarazione di Indipendenza (D\u00eda de la Independencia).<\/li>\n<li style=\"text-align: justify;\">16 ottobre: Giorno del Rispetto della Diversit\u00e0 (D\u00eda del Respeto a la Diversidad).<\/li>\n<li style=\"text-align: justify;\">25 dicembre: Natale.<\/li>\n<li style=\"text-align: justify;\">26 dicembre: Santo Stefano.<\/li>\n<\/ul>\n<p style=\"text-align: justify;\">\u00a0<\/p>\n","protected":false},"excerpt":{"rendered":"Si elencano di seguito le\u00a0FESTIVIT\u00c0\u00a0del 2023 nelle quali il Consolato generale rimarr\u00e0 chiuso: 1 gennaio: Capodanno. 7 aprile: Venerd\u00ec Santo. 10 aprile: Luned\u00ec dell&#8217;Angelo. 25 aprile: Festa della Liberazione. 1 maggio: Festa del Lavoro. 25 maggio: Proclama della Libert\u00e0 (D\u00eda de la Revoluci\u00f3n de Mayo). 2 giugno: Festa della Repubblica. 9 luglio: Dichiarazione di Indipendenza [&hellip;]","protected":false},"author":1,"featured_media":0,"comment_status":"","ping_status":"","sticky":false,"template":"","format":"standard","meta":{"footnotes":""},"tags":[],"class_list":["post-843","post","type-post","status-publish","format-standard","hentry"],"_links":{"self":[{"href":"https:\/\/conscordoba.esteri.it\/it\/wp-json\/wp\/v2\/posts\/843","targetHints":{"allow":["GET"]}}],"collection":[{"href":"https:\/\/conscordoba.esteri.it\/it\/wp-json\/wp\/v2\/posts"}],"about":[{"href":"https:\/\/conscordoba.esteri.it\/it\/wp-json\/wp\/v2\/types\/post"}],"author":[{"embeddable":true,"href":"https:\/\/conscordoba.esteri.it\/it\/wp-json\/wp\/v2\/users\/1"}],"replies":[{"embeddable":true,"href":"https:\/\/conscordoba.esteri.it\/it\/wp-json\/wp\/v2\/comments?post=843"}],"version-history":[{"count":0,"href":"https:\/\/conscordoba.esteri.it\/it\/wp-json\/wp\/v2\/posts\/843\/revisions"}],"wp:attachment":[{"href":"https:\/\/conscordoba.esteri.it\/it\/wp-json\/wp\/v2\/media?parent=843"}],"wp:term":[{"taxonomy":"post_tag","embeddable":true,"href":"https:\/\/conscordoba.esteri.it\/it\/wp-json\/wp\/v2\/tags?post=843"}],"curies":[{"name":"wp","href":"https:\/\/api.w.org\/{rel}","templated":true}]}}