{"id":856,"date":"2022-12-17T17:51:00","date_gmt":"2022-12-17T16:51:00","guid":{"rendered":"https:\/\/conscordoba.esteri.it\/news\/dal_consolato\/2022\/12\/italialidera-cultura\/"},"modified":"2022-12-17T17:51:00","modified_gmt":"2022-12-17T16:51:00","slug":"italialidera-cultura","status":"publish","type":"post","link":"https:\/\/conscordoba.esteri.it\/it\/news\/dal_consolato\/2022\/12\/italialidera-cultura\/","title":{"rendered":"#ItaliaLidera \u2014 CULTURA"},"content":{"rendered":"<ul style=\"list-style-type: circle;\">\n<li>#ItaliaLideraCultura: <strong>Teresa Andruetto.<\/strong>\n<ul style=\"list-style-type: disc;\">\n<li>Ver video en <a href=\"https:\/\/www.youtube.com\/watch?v=Yt8ZAWXBDGU\">YouTube<\/a>.<\/li>\n<li>Art\u00edculo dedicado: <a href=\"it\/la_comunicazione\/dal_consolato\/2023\/04\/italia-lidera-cultura-teresa-andruetto.html\">clic aqu\u00ed<\/a>.<\/li>\n<\/ul>\n<\/li>\n<li>#ItaliaLideraCultura: <strong>Carmen Silvia Buteler.<\/strong>\n<ul style=\"list-style-type: disc;\">\n<li>Ver video en <a href=\"https:\/\/www.youtube.com\/watch?v=W39EV_iqIks&#038;t=3s\">YouTube<\/a>.<\/li>\n<li>Art\u00edculo dedicado: <a href=\"it\/la_comunicazione\/dal_consolato\/2023\/03\/italia-lidera-cultura-carmen-silvia.html\">clic aqu\u00ed<\/a>.<\/li>\n<\/ul>\n<\/li>\n<li>#ItaliaLideraCultura:\u00a0<strong>Hilda Zagaglia.<\/strong>\n<ul style=\"list-style-type: disc;\">\n<li>Ver video en <a href=\"https:\/\/www.youtube.com\/watch?v=9W3MvwqZR_U&#038;list=PLBaw2EjeYykPh0ITOQNy4XpsvaGBKber7&#038;index=17\">YouTube<\/a>.<\/li>\n<li>Art\u00edculo dedicado: <a href=\"it\/la_comunicazione\/dal_consolato\/2022\/12\/italia-lidera-cultura-hilda-zagaglia.html\">clic aqu\u00ed<\/a>.<\/li>\n<\/ul>\n<\/li>\n<li>#ItaliaLideraCultura: <strong>Ricardo Ricapito.<\/strong>\n<ul style=\"list-style-type: disc;\">\n<li>Ver video en <a href=\"https:\/\/www.youtube.com\/watch?v=kOtLVsCmJoI\">YouTube<\/a>.<\/li>\n<li>Art\u00edculo dedicado: <a href=\"it\/la_comunicazione\/dal_consolato\/2022\/10\/italia-lidera-cultura-ricardo-ricapito.html\">clic aqu\u00ed<\/a>.<\/li>\n<\/ul>\n<\/li>\n<li>#ItaliaLideraCultura: <strong>\u00c1lvaro Izurieta.<\/strong>\n<ul style=\"list-style-type: disc;\">\n<li>Ver video en <a href=\"https:\/\/www.youtube.com\/watch?v=qyD_8WshDRA\">YouTube<\/a>.<\/li>\n<li>Art\u00edculo dedicado: <a href=\"it\/la_comunicazione\/dal_consolato\/2022\/10\/italia-lidera-cultura-visitamos.html\">clic aqu\u00ed<\/a>.<\/li>\n<\/ul>\n<\/li>\n<li>#ItaliaLideraCultura: <strong>Graciela Szamrey.<\/strong>\n<ul style=\"list-style-type: disc;\">\n<li>Ver video en <a href=\"https:\/\/www.youtube.com\/watch?v=xru9N1bE-hA\">YouTube<\/a>.<\/li>\n<li>Art\u00edculo dedicado: <a href=\"it\/la_comunicazione\/dal_consolato\/2022\/11\/italialidera-cultura-graciela-szamrey.html\">clic aqu\u00ed<\/a>.<\/li>\n<\/ul>\n<\/li>\n<li>#ItaliaLideraCultura: <strong>Marcela Mammana.<\/strong>\n<ul style=\"list-style-type: disc;\">\n<li>Ver video en <a href=\"https:\/\/www.youtube.com\/watch?v=_bZdxOZEQZY\">YouTube<\/a>.<\/li>\n<li>Art\u00edculo dedicado: <a href=\"https:\/\/www.google.com\/url?client=internal-element-cse&#038;cx=005762714985749922078:ffys0l5r3co&#038;q=https:\/\/conscordoba.esteri.it\/consolato_cordoba\/it\/la_comunicazione\/dal_consolato\/2022\/10\/italia-lidera-cultura-marcela-mammana.html&#038;sa=U&#038;ved=2ahUKEwjhw8KulYH8AhVN8rsIHToBCN8QFnoECAIQAg&#038;usg=AOvVaw3wdWhrk9MLUTR9MRcfW8lx\">clic aqu\u00ed<\/a>.<\/li>\n<\/ul>\n<\/li>\n<li>#ItaliaLideraCultura: <strong>Matilde Hubaide.<\/strong>\n<ul style=\"list-style-type: disc;\">\n<li>Art\u00edculo dedicado: <a href=\"it\/la_comunicazione\/dal_consolato\/2022\/10\/italia-lidera-cultura-matilde-hubaide.html\">clic aqu\u00ed<\/a>.<\/li>\n<\/ul>\n<\/li>\n<li>#ItaliaLideraCultura:\u00a0<strong>D\u00e9bora Fortuna.<\/strong><strong><br \/><\/strong>\n<ul style=\"list-style-type: disc;\">\n<li>Ver video en <a href=\"https:\/\/www.youtube.com\/watch?v=d4jzsS5OsSI\">YouTube<\/a>.<\/li>\n<li>Art\u00edculo dedicado: <a href=\"https:\/\/www.google.com\/url?client=internal-element-cse&#038;cx=005762714985749922078:ffys0l5r3co&#038;q=https:\/\/conscordoba.esteri.it\/consolato_cordoba\/it\/la_comunicazione\/dal_consolato\/2022\/10\/italia-lidera-cultura-debora-fortuna.html&#038;sa=U&#038;ved=2ahUKEwjM-9fflIH8AhU08LsIHcLBBo4QFnoECAAQAg&#038;usg=AOvVaw0j5OSChGixO_U7ZZkadlRS\">clic aqu\u00ed<\/a>.<\/li>\n<\/ul>\n<\/li>\n<li>#ItaliaLideraCultura: <strong>Juan Canavesi.<\/strong>\n<ul style=\"list-style-type: disc;\">\n<li>Ver video en <a href=\"https:\/\/www.youtube.com\/watch?v=IxjOtF93gK8\">YouTube<\/a>.<\/li>\n<li>Art\u00edculo dedicado: <a href=\"https:\/\/www.google.com\/url?client=internal-element-cse&#038;cx=005762714985749922078:ffys0l5r3co&#038;q=https:\/\/conscordoba.esteri.it\/consolato_cordoba\/it\/la_comunicazione\/dal_consolato\/2022\/10\/italia-lidera-cultura-juan-canavesi.html&#038;sa=U&#038;ved=2ahUKEwjI9efAk4H8AhXF9bsIHRbkCx8QFnoECAMQAg&#038;usg=AOvVaw37I9YU4u1aV0K1XPHp0hYv\">clic aqu\u00ed<\/a>.<\/li>\n<\/ul>\n<\/li>\n<li>#ItaliaLideraCultura:<strong> Hugo Peschiutta.<\/strong>\n<ul style=\"list-style-type: disc;\">\n<li>Ver video en <a href=\"https:\/\/www.youtube.com\/watch?v=y0JgWwAmgQY\">YouTube<\/a>.<\/li>\n<li>Art\u00edculo dedicado: <a href=\"it\/la_comunicazione\/dal_consolato\/2022\/12\/italia-lidera-cultura-hugo-peschiutta.html\">clic aqu\u00ed<\/a>.<\/li>\n<\/ul>\n<\/li>\n<li>#ItaliaLideraCultura:<strong> Esteban Bondone.<\/strong>\n<ul style=\"list-style-type: disc;\">\n<li>Ver video en <a href=\"https:\/\/www.youtube.com\/watch?v=pRvRUN3yHQg\">YouTube<\/a>.<\/li>\n<li>Art\u00edculo dedicado: <a href=\"https:\/\/www.google.com\/url?client=internal-element-cse&#038;cx=005762714985749922078:ffys0l5r3co&#038;q=https:\/\/conscordoba.esteri.it\/consolato_cordoba\/it\/la_comunicazione\/dal_consolato\/2022\/10\/italia-lidera-cultura-esteban-bondone.html&#038;sa=U&#038;ved=2ahUKEwjJx-uClYH8AhW0a_EDHae9D04QFnoECAEQAg&#038;usg=AOvVaw2SzVad7SlTgM5QFRMMdbFZ\">clic aqu\u00ed<\/a>.<\/li>\n<\/ul>\n<\/li>\n<\/ul>\n","protected":false},"excerpt":{"rendered":"#ItaliaLideraCultura: Teresa Andruetto. Ver video en YouTube. Art\u00edculo dedicado: clic aqu\u00ed. #ItaliaLideraCultura: Carmen Silvia Buteler. Ver video en YouTube. Art\u00edculo dedicado: clic aqu\u00ed. #ItaliaLideraCultura:\u00a0Hilda Zagaglia. Ver video en YouTube. Art\u00edculo dedicado: clic aqu\u00ed. #ItaliaLideraCultura: Ricardo Ricapito. Ver video en YouTube. Art\u00edculo dedicado: clic aqu\u00ed. #ItaliaLideraCultura: \u00c1lvaro Izurieta. Ver video en YouTube. Art\u00edculo dedicado: clic aqu\u00ed. [&hellip;]","protected":false},"author":1,"featured_media":0,"comment_status":"","ping_status":"","sticky":false,"template":"","format":"standard","meta":{"footnotes":""},"tags":[],"class_list":["post-856","post","type-post","status-publish","format-standard","hentry"],"_links":{"self":[{"href":"https:\/\/conscordoba.esteri.it\/it\/wp-json\/wp\/v2\/posts\/856","targetHints":{"allow":["GET"]}}],"collection":[{"href":"https:\/\/conscordoba.esteri.it\/it\/wp-json\/wp\/v2\/posts"}],"about":[{"href":"https:\/\/conscordoba.esteri.it\/it\/wp-json\/wp\/v2\/types\/post"}],"author":[{"embeddable":true,"href":"https:\/\/conscordoba.esteri.it\/it\/wp-json\/wp\/v2\/users\/1"}],"replies":[{"embeddable":true,"href":"https:\/\/conscordoba.esteri.it\/it\/wp-json\/wp\/v2\/comments?post=856"}],"version-history":[{"count":0,"href":"https:\/\/conscordoba.esteri.it\/it\/wp-json\/wp\/v2\/posts\/856\/revisions"}],"wp:attachment":[{"href":"https:\/\/conscordoba.esteri.it\/it\/wp-json\/wp\/v2\/media?parent=856"}],"wp:term":[{"taxonomy":"post_tag","embeddable":true,"href":"https:\/\/conscordoba.esteri.it\/it\/wp-json\/wp\/v2\/tags?post=856"}],"curies":[{"name":"wp","href":"https:\/\/api.w.org\/{rel}","templated":true}]}}