{"id":865,"date":"2022-11-30T19:39:47","date_gmt":"2022-11-30T18:39:47","guid":{"rendered":"https:\/\/conscordoba.esteri.it\/news\/dal_consolato\/2022\/11\/celebraciones-de-fin-de-ano-del\/"},"modified":"2023-10-11T14:53:53","modified_gmt":"2023-10-11T12:53:53","slug":"celebraciones-de-fin-de-ano-del","status":"publish","type":"post","link":"https:\/\/conscordoba.esteri.it\/it\/news\/dal_consolato\/2022\/11\/celebraciones-de-fin-de-ano-del\/","title":{"rendered":"Celebraciones de fin de a\u00f1o del Consulado general y el Instituto italiano de cultura"},"content":{"rendered":"<p style=\"text-align: center;\"><strong>\u00a1Gracias por acompa\u00f1arnos!\u00a0<\/strong><\/p>\n<p style=\"text-align: justify;\">Compartimos momentos de la celebraci\u00f3n de fin de a\u00f1o del Consulado General de Italia en C\u00f3rdoba y el Instituto Italiano de Cultura, disfrutando del concierto de Carmen Consoli feat. Marina Rei.<\/p>\n<p style=\"text-align: justify;\">El concierto adhiere a la campa\u00f1a #orangetheworld para la prevenci\u00f3n y la eliminaci\u00f3n de la violencia contra las mujeres, premisas con las que Italia tiene un compromiso muy fuerte.<\/p>\n<p style=\"text-align: justify;\">Gracias a la colectividad italiana por compartir este momento y estos valores.<\/p>\n<p style=\"text-align: justify;\">Gracias al Ministerio de la Mujer C\u00f3rdoba y a las chicas del #PoloDeLaMujer por acompa\u00f1arnos en este momento tan especial.<\/p>\n<ul>\n<li style=\"text-align: justify;\"><em>Ver en redes sociales<\/em>: <strong><a href=\"https:\/\/www.facebook.com\/italyincordoba\/photos\/pcb.3005035146466809\/3005031203133870\/\">Facebook<\/a><\/strong> \u2014 <strong><a href=\"https:\/\/www.instagram.com\/p\/Clj-viEuv98\/\">Instagram<\/a><\/strong>.<\/li>\n<\/ul>\n","protected":false},"excerpt":{"rendered":"\u00a1Gracias por acompa\u00f1arnos!\u00a0 Compartimos momentos de la celebraci\u00f3n de fin de a\u00f1o del Consulado General de Italia en C\u00f3rdoba y el Instituto Italiano de Cultura, disfrutando del concierto de Carmen Consoli feat. Marina Rei. El concierto adhiere a la campa\u00f1a #orangetheworld para la prevenci\u00f3n y la eliminaci\u00f3n de la violencia contra las mujeres, premisas con [&hellip;]","protected":false},"author":1,"featured_media":0,"comment_status":"closed","ping_status":"closed","sticky":false,"template":"","format":"standard","meta":{"footnotes":""},"tags":[],"class_list":["post-865","post","type-post","status-publish","format-standard","hentry"],"_links":{"self":[{"href":"https:\/\/conscordoba.esteri.it\/it\/wp-json\/wp\/v2\/posts\/865","targetHints":{"allow":["GET"]}}],"collection":[{"href":"https:\/\/conscordoba.esteri.it\/it\/wp-json\/wp\/v2\/posts"}],"about":[{"href":"https:\/\/conscordoba.esteri.it\/it\/wp-json\/wp\/v2\/types\/post"}],"author":[{"embeddable":true,"href":"https:\/\/conscordoba.esteri.it\/it\/wp-json\/wp\/v2\/users\/1"}],"replies":[{"embeddable":true,"href":"https:\/\/conscordoba.esteri.it\/it\/wp-json\/wp\/v2\/comments?post=865"}],"version-history":[{"count":1,"href":"https:\/\/conscordoba.esteri.it\/it\/wp-json\/wp\/v2\/posts\/865\/revisions"}],"predecessor-version":[{"id":1894,"href":"https:\/\/conscordoba.esteri.it\/it\/wp-json\/wp\/v2\/posts\/865\/revisions\/1894"}],"wp:attachment":[{"href":"https:\/\/conscordoba.esteri.it\/it\/wp-json\/wp\/v2\/media?parent=865"}],"wp:term":[{"taxonomy":"post_tag","embeddable":true,"href":"https:\/\/conscordoba.esteri.it\/it\/wp-json\/wp\/v2\/tags?post=865"}],"curies":[{"name":"wp","href":"https:\/\/api.w.org\/{rel}","templated":true}]}}