{"id":869,"date":"2022-11-28T15:49:20","date_gmt":"2022-11-28T14:49:20","guid":{"rendered":"https:\/\/conscordoba.esteri.it\/news\/dal_consolato\/2022\/11\/25-novembre-comunicato-di-questo\/"},"modified":"2022-11-28T15:49:20","modified_gmt":"2022-11-28T14:49:20","slug":"25-novembre-comunicato-di-questo","status":"publish","type":"post","link":"https:\/\/conscordoba.esteri.it\/it\/news\/dal_consolato\/2022\/11\/25-novembre-comunicato-di-questo\/","title":{"rendered":"25 novembre \u2014 Comunicato di questo Consolato generale"},"content":{"rendered":"<p style=\"text-align: justify;\"><em><strong>\u2014Giornata internazionale per l&#8217;eliminazione della #violenza contro le #donne #Unite!<\/strong><\/em><\/p>\n<p style=\"text-align: justify;\"><em><strong>\u2014Jornada internacional en por de la eliminaci\u00f3n de la #ViolenciaDeG\u00e9nero<\/strong><\/em><\/p>\n<p style=\"text-align: justify;\">El Consulado general de Italia en C\u00f3rdoba y nuestro Istituto Italiano di Cultura C\u00f3rdoba respaldan y adhieren a la Campa\u00f1a internacional de Naciones Unidas.<\/p>\n<p style=\"text-align: justify;\">Los 16 D\u00edas de activismo contra la violencia de g\u00e9nero es una campa\u00f1a anual que comienza el 25 de noviembre, d\u00eda en que se celebra el D\u00eda Internacional de la Eliminaci\u00f3n de la Violencia contra la Mujer, y concluye el 10 de diciembre, que es el D\u00eda Internacional de los #DerechosHumanos.<\/p>\n","protected":false},"excerpt":{"rendered":"\u2014Giornata internazionale per l&#8217;eliminazione della #violenza contro le #donne #Unite! \u2014Jornada internacional en por de la eliminaci\u00f3n de la #ViolenciaDeG\u00e9nero El Consulado general de Italia en C\u00f3rdoba y nuestro Istituto Italiano di Cultura C\u00f3rdoba respaldan y adhieren a la Campa\u00f1a internacional de Naciones Unidas. Los 16 D\u00edas de activismo contra la violencia de g\u00e9nero es [&hellip;]","protected":false},"author":1,"featured_media":0,"comment_status":"","ping_status":"","sticky":false,"template":"","format":"standard","meta":{"footnotes":""},"tags":[],"class_list":["post-869","post","type-post","status-publish","format-standard","hentry"],"_links":{"self":[{"href":"https:\/\/conscordoba.esteri.it\/it\/wp-json\/wp\/v2\/posts\/869","targetHints":{"allow":["GET"]}}],"collection":[{"href":"https:\/\/conscordoba.esteri.it\/it\/wp-json\/wp\/v2\/posts"}],"about":[{"href":"https:\/\/conscordoba.esteri.it\/it\/wp-json\/wp\/v2\/types\/post"}],"author":[{"embeddable":true,"href":"https:\/\/conscordoba.esteri.it\/it\/wp-json\/wp\/v2\/users\/1"}],"replies":[{"embeddable":true,"href":"https:\/\/conscordoba.esteri.it\/it\/wp-json\/wp\/v2\/comments?post=869"}],"version-history":[{"count":0,"href":"https:\/\/conscordoba.esteri.it\/it\/wp-json\/wp\/v2\/posts\/869\/revisions"}],"wp:attachment":[{"href":"https:\/\/conscordoba.esteri.it\/it\/wp-json\/wp\/v2\/media?parent=869"}],"wp:term":[{"taxonomy":"post_tag","embeddable":true,"href":"https:\/\/conscordoba.esteri.it\/it\/wp-json\/wp\/v2\/tags?post=869"}],"curies":[{"name":"wp","href":"https:\/\/api.w.org\/{rel}","templated":true}]}}