{"id":872,"date":"2022-11-24T16:26:36","date_gmt":"2022-11-24T15:26:36","guid":{"rendered":"https:\/\/conscordoba.esteri.it\/news\/dal_consolato\/2022\/11\/reunion-inter-comites-en-buenos\/"},"modified":"2022-11-24T16:26:36","modified_gmt":"2022-11-24T15:26:36","slug":"reunion-inter-comites-en-buenos","status":"publish","type":"post","link":"https:\/\/conscordoba.esteri.it\/it\/news\/dal_consolato\/2022\/11\/reunion-inter-comites-en-buenos\/","title":{"rendered":"Reuni\u00f3n Inter-Comites en Buenos Aires"},"content":{"rendered":"<p style=\"text-align: justify;\">El Embajador Fabrizio Lucentini particip\u00f3 de la segunda reuni\u00f3n Intercomites en Argentina, esta vez celebrada en la Ciudad Aut\u00f3noma de Buenos Aires.<\/p>\n<p style=\"text-align: justify;\">Durante el encuentro fue elegida la nueva Presidenta Coordinadora del Intercomites, Mar\u00eda Eugenia Serrano, y se trabaj\u00f3 sobre:<\/p>\n<p style=\"text-align: justify;\">\u2714\ufe0f las exigencias de la colectividad italiana en Argentina;<br \/>\u2714\ufe0f los servicios consulares;<br \/>\u2714\ufe0f la planificaci\u00f3n a futuro.<br \/>\u2714\ufe0f la candidatura de #Expo2030Roma.<\/p>\n<p style=\"text-align: justify;\">Ver art\u00edculo en redes: <a href=\"https:\/\/www.instagram.com\/p\/ClWQAbkusFo\/\">Consulado<\/a> \u2014 <a href=\"https:\/\/www.instagram.com\/p\/ClWCoj5rt1F\/\">Embajada de Italia en Argentina<\/a>.<\/p>\n","protected":false},"excerpt":{"rendered":"El Embajador Fabrizio Lucentini particip\u00f3 de la segunda reuni\u00f3n Intercomites en Argentina, esta vez celebrada en la Ciudad Aut\u00f3noma de Buenos Aires. Durante el encuentro fue elegida la nueva Presidenta Coordinadora del Intercomites, Mar\u00eda Eugenia Serrano, y se trabaj\u00f3 sobre: \u2714\ufe0f las exigencias de la colectividad italiana en Argentina;\u2714\ufe0f los servicios consulares;\u2714\ufe0f la planificaci\u00f3n a [&hellip;]","protected":false},"author":1,"featured_media":0,"comment_status":"","ping_status":"","sticky":false,"template":"","format":"standard","meta":{"footnotes":""},"tags":[],"class_list":["post-872","post","type-post","status-publish","format-standard","hentry"],"_links":{"self":[{"href":"https:\/\/conscordoba.esteri.it\/it\/wp-json\/wp\/v2\/posts\/872","targetHints":{"allow":["GET"]}}],"collection":[{"href":"https:\/\/conscordoba.esteri.it\/it\/wp-json\/wp\/v2\/posts"}],"about":[{"href":"https:\/\/conscordoba.esteri.it\/it\/wp-json\/wp\/v2\/types\/post"}],"author":[{"embeddable":true,"href":"https:\/\/conscordoba.esteri.it\/it\/wp-json\/wp\/v2\/users\/1"}],"replies":[{"embeddable":true,"href":"https:\/\/conscordoba.esteri.it\/it\/wp-json\/wp\/v2\/comments?post=872"}],"version-history":[{"count":0,"href":"https:\/\/conscordoba.esteri.it\/it\/wp-json\/wp\/v2\/posts\/872\/revisions"}],"wp:attachment":[{"href":"https:\/\/conscordoba.esteri.it\/it\/wp-json\/wp\/v2\/media?parent=872"}],"wp:term":[{"taxonomy":"post_tag","embeddable":true,"href":"https:\/\/conscordoba.esteri.it\/it\/wp-json\/wp\/v2\/tags?post=872"}],"curies":[{"name":"wp","href":"https:\/\/api.w.org\/{rel}","templated":true}]}}