{"id":889,"date":"2022-11-03T22:07:39","date_gmt":"2022-11-03T21:07:39","guid":{"rendered":"https:\/\/conscordoba.esteri.it\/news\/dal_consolato\/2022\/11\/cierre-de-la-settimana-della-lingua\/"},"modified":"2022-11-03T22:07:39","modified_gmt":"2022-11-03T21:07:39","slug":"cierre-de-la-settimana-della-lingua","status":"publish","type":"post","link":"https:\/\/conscordoba.esteri.it\/it\/news\/dal_consolato\/2022\/11\/cierre-de-la-settimana-della-lingua\/","title":{"rendered":"Cierre de la &#8220;Settimana della lingua italiana nel mondo&#8221; \u2014 #SLIM2022"},"content":{"rendered":"<p style=\"text-align: justify;\">Compartimos con ustedes momentos del cierre de las celebraciones por la <span style=\"text-decoration: underline;\"><strong>Settimana della lingua italiana nel mondo<\/strong><\/span>, <strong>#SLIM2022<\/strong>.<\/p>\n<ul style=\"text-align: justify;\">\n<li>Se presentaron los trabajos realizados en octubre, sobre la evoluci\u00f3n de la lengua italiana.<\/li>\n<li>Adem\u00e1s se compartieron otros lenguajes: m\u00fasica, canto, teatro.<\/li>\n<li>Felicitaciones a todos los alumnos de las escuelas Dante Cordoba y Escuela Castelfranco.<\/li>\n<\/ul>\n<p style=\"text-align: justify;\">Gracias por participar, a las autoridades y miembros de la colectividad y representantes de las dem\u00e1s escuelas de la provincia donde se ense\u00f1a italiano.<\/p>\n<p style=\"text-align: justify;\"><em><strong>Galer\u00eda de fotos <a href=\"https:\/\/www.instagram.com\/p\/CkgwT1yOolG\/\">aqu\u00ed<\/a>.<\/strong><\/em><\/p>\n","protected":false},"excerpt":{"rendered":"Compartimos con ustedes momentos del cierre de las celebraciones por la Settimana della lingua italiana nel mondo, #SLIM2022. Se presentaron los trabajos realizados en octubre, sobre la evoluci\u00f3n de la lengua italiana. Adem\u00e1s se compartieron otros lenguajes: m\u00fasica, canto, teatro. Felicitaciones a todos los alumnos de las escuelas Dante Cordoba y Escuela Castelfranco. Gracias por [&hellip;]","protected":false},"author":1,"featured_media":0,"comment_status":"","ping_status":"","sticky":false,"template":"","format":"standard","meta":{"footnotes":""},"tags":[],"class_list":["post-889","post","type-post","status-publish","format-standard","hentry"],"_links":{"self":[{"href":"https:\/\/conscordoba.esteri.it\/it\/wp-json\/wp\/v2\/posts\/889","targetHints":{"allow":["GET"]}}],"collection":[{"href":"https:\/\/conscordoba.esteri.it\/it\/wp-json\/wp\/v2\/posts"}],"about":[{"href":"https:\/\/conscordoba.esteri.it\/it\/wp-json\/wp\/v2\/types\/post"}],"author":[{"embeddable":true,"href":"https:\/\/conscordoba.esteri.it\/it\/wp-json\/wp\/v2\/users\/1"}],"replies":[{"embeddable":true,"href":"https:\/\/conscordoba.esteri.it\/it\/wp-json\/wp\/v2\/comments?post=889"}],"version-history":[{"count":0,"href":"https:\/\/conscordoba.esteri.it\/it\/wp-json\/wp\/v2\/posts\/889\/revisions"}],"wp:attachment":[{"href":"https:\/\/conscordoba.esteri.it\/it\/wp-json\/wp\/v2\/media?parent=889"}],"wp:term":[{"taxonomy":"post_tag","embeddable":true,"href":"https:\/\/conscordoba.esteri.it\/it\/wp-json\/wp\/v2\/tags?post=889"}],"curies":[{"name":"wp","href":"https:\/\/api.w.org\/{rel}","templated":true}]}}