{"id":909,"date":"2022-10-10T15:21:53","date_gmt":"2022-10-10T13:21:53","guid":{"rendered":"https:\/\/conscordoba.esteri.it\/news\/dal_consolato\/2022\/10\/italia-lidera-cultura-esteban-bondone\/"},"modified":"2022-10-10T15:21:53","modified_gmt":"2022-10-10T13:21:53","slug":"italia-lidera-cultura-esteban-bondone","status":"publish","type":"post","link":"https:\/\/conscordoba.esteri.it\/it\/news\/dal_consolato\/2022\/10\/italia-lidera-cultura-esteban-bondone\/","title":{"rendered":"Italia Lidera \u2014 Cultura: Esteban Bondone."},"content":{"rendered":"<p style=\"text-align: justify;\">Nuevo cap\u00edtulo de <strong>\u201cItalia Lidera \u2013 Cultura\u201d.<\/strong>\u00a0<\/p>\n<p style=\"text-align: justify;\"><span style=\"text-decoration: underline;\"><strong>Esteban Bondone<\/strong> <\/span>es un arquitecto y artista de ascendencia italiana.<\/p>\n<p style=\"text-align: justify;\">Estudi\u00f3 en #Italia, en el Polit\u00e9cnico de Mil\u00e1n, y luego de graduarse regres\u00f3 a #Argentina donde ejerci\u00f3 su profesi\u00f3n y actualmente se desempe\u00f1a como docente.<\/p>\n<p style=\"text-align: justify;\">Hace 5 a\u00f1os que se dedica regularmente a dos grandes pasiones: el dibujo y la pintura.<\/p>\n<p style=\"text-align: justify;\">Italia siempre lo cautiv\u00f3, y arquitectos y artistas italianos como Ernesto La Padula y Carlos Alonso marcaron su carrera profesional y su estilo est\u00e9tico.<\/p>\n<ul>\n<li style=\"text-align: justify;\"><strong>Ver entrega en Youtube: <a href=\"https:\/\/www.youtube.com\/watch?v=pRvRUN3yHQg\">clic aqu\u00ed<\/a>.<\/strong><\/li>\n<\/ul>\n","protected":false},"excerpt":{"rendered":"Nuevo cap\u00edtulo de \u201cItalia Lidera \u2013 Cultura\u201d.\u00a0 Esteban Bondone es un arquitecto y artista de ascendencia italiana. Estudi\u00f3 en #Italia, en el Polit\u00e9cnico de Mil\u00e1n, y luego de graduarse regres\u00f3 a #Argentina donde ejerci\u00f3 su profesi\u00f3n y actualmente se desempe\u00f1a como docente. Hace 5 a\u00f1os que se dedica regularmente a dos grandes pasiones: el dibujo [&hellip;]","protected":false},"author":1,"featured_media":0,"comment_status":"","ping_status":"","sticky":false,"template":"","format":"standard","meta":{"footnotes":""},"tags":[],"class_list":["post-909","post","type-post","status-publish","format-standard","hentry"],"_links":{"self":[{"href":"https:\/\/conscordoba.esteri.it\/it\/wp-json\/wp\/v2\/posts\/909","targetHints":{"allow":["GET"]}}],"collection":[{"href":"https:\/\/conscordoba.esteri.it\/it\/wp-json\/wp\/v2\/posts"}],"about":[{"href":"https:\/\/conscordoba.esteri.it\/it\/wp-json\/wp\/v2\/types\/post"}],"author":[{"embeddable":true,"href":"https:\/\/conscordoba.esteri.it\/it\/wp-json\/wp\/v2\/users\/1"}],"replies":[{"embeddable":true,"href":"https:\/\/conscordoba.esteri.it\/it\/wp-json\/wp\/v2\/comments?post=909"}],"version-history":[{"count":0,"href":"https:\/\/conscordoba.esteri.it\/it\/wp-json\/wp\/v2\/posts\/909\/revisions"}],"wp:attachment":[{"href":"https:\/\/conscordoba.esteri.it\/it\/wp-json\/wp\/v2\/media?parent=909"}],"wp:term":[{"taxonomy":"post_tag","embeddable":true,"href":"https:\/\/conscordoba.esteri.it\/it\/wp-json\/wp\/v2\/tags?post=909"}],"curies":[{"name":"wp","href":"https:\/\/api.w.org\/{rel}","templated":true}]}}